{"id":739,"date":"2025-09-06T08:41:00","date_gmt":"2025-09-06T08:41:00","guid":{"rendered":"http:\/\/www.verdichtet.at\/?p=739"},"modified":"2026-01-02T13:05:10","modified_gmt":"2026-01-02T13:05:10","slug":"bisher-auf-verdichtet-at-zu-finden-6","status":"publish","type":"post","link":"https:\/\/www.verdichtet.at\/?p=739","title":{"rendered":"Bisher auf verdichtet.at zu finden:"},"content":{"rendered":"<div class=\"pdfprnt-buttons pdfprnt-buttons-post pdfprnt-top-right\"><a href=\"https:\/\/www.verdichtet.at\/index.php?rest_route=wpv2posts739&print=pdf\" class=\"pdfprnt-button pdfprnt-button-pdf\" target=\"_blank\"><\/a><a href=\"https:\/\/www.verdichtet.at\/index.php?rest_route=wpv2posts739&print=print\" class=\"pdfprnt-button pdfprnt-button-print\" target=\"_blank\"><\/a><\/div><ul>\n<li><a href=\"http:\/\/www.verdichtet.at\/?p=14408\">Alentejo<\/a><\/li>\n<li><a href=\"http:\/\/www.verdichtet.at\/?p=14410\">Algarve<\/a><\/li>\n<li><a href=\"http:\/\/www.verdichtet.at\/?p=14412\">Folegandros<\/a><\/li>\n<li><a href=\"http:\/\/www.verdichtet.at\/?p=14414\">Gavdos<\/a><\/li>\n<li><a title=\"G\u00fcnthers Sch\u00fcttelreime\" href=\"http:\/\/www.verdichtet.at\/?p=828\">G\u00fcnthers Sch\u00fcttelreime<\/a><\/li>\n<li><a title=\"Haikus\" href=\"http:\/\/www.verdichtet.at\/?p=730\">Haikus<\/a><\/li>\n<li><a title=\"hofgasse 12\" href=\"http:\/\/www.verdichtet.at\/?p=275\">hofgasse 12<\/a><\/li>\n<li><a title=\"Im Alsergrund\" href=\"http:\/\/www.verdichtet.at\/?p=2094\">Im Alsergrund<\/a><\/li>\n<li><a href=\"http:\/\/www.verdichtet.at\/?p=14417\">Im Fischerdorf<\/a><\/li>\n<li><a href=\"http:\/\/www.verdichtet.at\/?p=14003\">Immer zur\u00fcck zum Pruth<\/a><\/li>\n<li><a title=\"Eine kleine italienische Reise\" href=\"http:\/\/www.verdichtet.at\/?p=1069\">Eine kleine italienische Reise<\/a><\/li>\n<li><a href=\"https:\/\/www.verdichtet.at\/?p=20847\">Die kleine Stadt an der Moldau<\/a><\/li>\n<li><a href=\"http:\/\/www.verdichtet.at\/?p=11678\">Das Museum der Brentanos: Ankunft<\/a><\/li>\n<li><a href=\"http:\/\/www.verdichtet.at\/?p=11680\">Das Museum der Brentanos: Abfahrt<\/a><\/li>\n<li><a href=\"http:\/\/www.verdichtet.at\/?p=14419\">Ode an eine Ionische Insel<\/a><\/li>\n<li><a href=\"http:\/\/www.verdichtet.at\/?p=736\">Die Sonnenfinsternis vom Mittwoch, 11. August 1999, am Faaker See<\/a><\/li>\n<li><a href=\"http:\/\/www.verdichtet.at\/?p=19646\">Unter der Haut 1<\/a> und <a href=\"http:\/\/www.verdichtet.at\/?p=19648\">Unter der Haut 2<\/a><\/li>\n<li><a title=\"Via Amalfi\" href=\"http:\/\/www.verdichtet.at\/?p=1072\">Via Amalfi<\/a><\/li>\n<\/ul>\n","protected":false},"excerpt":{"rendered":"<p>Alentejo Algarve Folegandros Gavdos G\u00fcnthers Sch\u00fcttelreime Haikus hofgasse 12 Im Alsergrund Im Fischerdorf Immer zur\u00fcck zum Pruth Eine kleine italienische Reise Die kleine Stadt an der Moldau Das Museum der Brentanos: Ankunft Das Museum der Brentanos: Abfahrt Ode an eine Ionische Insel Die Sonnenfinsternis vom Mittwoch, 11. August 1999, am Faaker See Unter der Haut [&hellip;]<\/p>\n","protected":false},"author":4,"featured_media":0,"comment_status":"closed","ping_status":"closed","sticky":false,"template":"","format":"standard","meta":{"footnotes":""},"categories":[29],"tags":[],"class_list":["post-739","post","type-post","status-publish","format-standard","hentry","category-androsch-guenther"],"_links":{"self":[{"href":"https:\/\/www.verdichtet.at\/index.php?rest_route=\/wp\/v2\/posts\/739","targetHints":{"allow":["GET"]}}],"collection":[{"href":"https:\/\/www.verdichtet.at\/index.php?rest_route=\/wp\/v2\/posts"}],"about":[{"href":"https:\/\/www.verdichtet.at\/index.php?rest_route=\/wp\/v2\/types\/post"}],"author":[{"embeddable":true,"href":"https:\/\/www.verdichtet.at\/index.php?rest_route=\/wp\/v2\/users\/4"}],"replies":[{"embeddable":true,"href":"https:\/\/www.verdichtet.at\/index.php?rest_route=%2Fwp%2Fv2%2Fcomments&post=739"}],"version-history":[{"count":19,"href":"https:\/\/www.verdichtet.at\/index.php?rest_route=\/wp\/v2\/posts\/739\/revisions"}],"predecessor-version":[{"id":20867,"href":"https:\/\/www.verdichtet.at\/index.php?rest_route=\/wp\/v2\/posts\/739\/revisions\/20867"}],"wp:attachment":[{"href":"https:\/\/www.verdichtet.at\/index.php?rest_route=%2Fwp%2Fv2%2Fmedia&parent=739"}],"wp:term":[{"taxonomy":"category","embeddable":true,"href":"https:\/\/www.verdichtet.at\/index.php?rest_route=%2Fwp%2Fv2%2Fcategories&post=739"},{"taxonomy":"post_tag","embeddable":true,"href":"https:\/\/www.verdichtet.at\/index.php?rest_route=%2Fwp%2Fv2%2Ftags&post=739"}],"curies":[{"name":"wp","href":"https:\/\/api.w.org\/{rel}","templated":true}]}}