{"id":4608,"date":"2016-06-13T16:07:07","date_gmt":"2016-06-13T16:07:07","guid":{"rendered":"http:\/\/www.verdichtet.at\/?p=4608"},"modified":"2016-08-22T12:47:39","modified_gmt":"2016-08-22T12:47:39","slug":"buschfleisch","status":"publish","type":"post","link":"https:\/\/www.verdichtet.at\/?p=4608","title":{"rendered":"Buschfleisch"},"content":{"rendered":"<div class=\"pdfprnt-buttons pdfprnt-buttons-post pdfprnt-top-right\"><a href=\"https:\/\/www.verdichtet.at\/index.php?rest_route=wpv2posts4608&print=pdf\" class=\"pdfprnt-button pdfprnt-button-pdf\" target=\"_blank\"><\/a><a href=\"https:\/\/www.verdichtet.at\/index.php?rest_route=wpv2posts4608&print=print\" class=\"pdfprnt-button pdfprnt-button-print\" target=\"_blank\"><\/a><\/div><p>Ich tue dasselbe wie mein Vater und wie schon mein Gro\u00dfvater: Ich lebe im Busch, ich jage, um zu essen, ich ziehe mit den Antilopen. Es gibt Gras, oder es gibt kein Gras, B\u00e4ume nicht viele, es gibt T\u00fcmpel, von denen die Tiere trinken, und auch wir Menschen.<br \/>\nMein Stamm nennt das Land \u201eSonnenland\u201c. Gro\u00df steht die Sonne am Himmel, und nur sie kann die Urheberin vom allem hier sein.<br \/>\nIch lebe in einer runden kleinen H\u00fctte, meine Frau bestellt den Boden, unsere Kinder sind noch klein. Es ist dasselbe Leben tagein, tagaus, nur die Regenf\u00e4lle unterbrechen es, daf\u00fcr ist es gut, dass wir die H\u00fctte haben.<\/p>\n<p>Aber seit gestern ist etwas anders. Wir h\u00f6rten Donnerhallen, aber es gab kein Gewitter, ich wartete, bis es dunkel war, dann schlich ich mich in die Gegend, von wo der Donnerhall gekommen war.<br \/>\nUnd da sah ich aufgeh\u00e4ngt, ohne Fell und gefl\u00e4mmt, einen Luchs, ein Zebra, und am Boden liegend ein Nashorn, alle mit ge\u00f6ffnetem Bauch. Buschfleisch, um es zu essen. Und auch Ngolo sah ich, meinen Nachbarn, vorne ge\u00f6ffnet und hinten gefl\u00e4mmt, um ihn haltbar zu machen.<br \/>\nHeute wird die Jagd weitergehen, und wir sind die Tiere.<\/p>\n<p style=\"text-align: right;\">Johannes Tosin<\/p>\n<p style=\"text-align: right;\">www.verdichtet.at | Kategorie: <a href=\"http:\/\/www.verdichtet.at\/?page_id=972\">\u00e4rgstens<\/a> | Inventarnummer: 16072<\/p>\n","protected":false},"excerpt":{"rendered":"<p>Ich tue dasselbe wie mein Vater und wie schon mein Gro\u00dfvater: Ich lebe im Busch, ich jage, um zu essen, ich ziehe mit den Antilopen. Es gibt Gras, oder es gibt kein Gras, B\u00e4ume nicht viele, es gibt T\u00fcmpel, von denen die Tiere trinken, und auch wir Menschen. Mein Stamm nennt das Land \u201eSonnenland\u201c. Gro\u00df [&hellip;]<\/p>\n","protected":false},"author":4,"featured_media":0,"comment_status":"open","ping_status":"open","sticky":false,"template":"","format":"standard","meta":{"footnotes":""},"categories":[117],"tags":[57],"class_list":["post-4608","post","type-post","status-publish","format-standard","hentry","category-tosin-johannes","tag-aergstens"],"_links":{"self":[{"href":"https:\/\/www.verdichtet.at\/index.php?rest_route=\/wp\/v2\/posts\/4608","targetHints":{"allow":["GET"]}}],"collection":[{"href":"https:\/\/www.verdichtet.at\/index.php?rest_route=\/wp\/v2\/posts"}],"about":[{"href":"https:\/\/www.verdichtet.at\/index.php?rest_route=\/wp\/v2\/types\/post"}],"author":[{"embeddable":true,"href":"https:\/\/www.verdichtet.at\/index.php?rest_route=\/wp\/v2\/users\/4"}],"replies":[{"embeddable":true,"href":"https:\/\/www.verdichtet.at\/index.php?rest_route=%2Fwp%2Fv2%2Fcomments&post=4608"}],"version-history":[{"count":1,"href":"https:\/\/www.verdichtet.at\/index.php?rest_route=\/wp\/v2\/posts\/4608\/revisions"}],"predecessor-version":[{"id":4609,"href":"https:\/\/www.verdichtet.at\/index.php?rest_route=\/wp\/v2\/posts\/4608\/revisions\/4609"}],"wp:attachment":[{"href":"https:\/\/www.verdichtet.at\/index.php?rest_route=%2Fwp%2Fv2%2Fmedia&parent=4608"}],"wp:term":[{"taxonomy":"category","embeddable":true,"href":"https:\/\/www.verdichtet.at\/index.php?rest_route=%2Fwp%2Fv2%2Fcategories&post=4608"},{"taxonomy":"post_tag","embeddable":true,"href":"https:\/\/www.verdichtet.at\/index.php?rest_route=%2Fwp%2Fv2%2Ftags&post=4608"}],"curies":[{"name":"wp","href":"https:\/\/api.w.org\/{rel}","templated":true}]}}