{"id":3632,"date":"2018-09-02T17:00:24","date_gmt":"2018-09-02T17:00:24","guid":{"rendered":"http:\/\/www.verdichtet.at\/?p=3632"},"modified":"2018-09-02T17:03:44","modified_gmt":"2018-09-02T17:03:44","slug":"bisher-auf-verdichtet-at-zu-finden-37","status":"publish","type":"post","link":"https:\/\/www.verdichtet.at\/?p=3632","title":{"rendered":"Bisher auf verdichtet.at zu finden:"},"content":{"rendered":"<div class=\"pdfprnt-buttons pdfprnt-buttons-post pdfprnt-top-right\"><a href=\"https:\/\/www.verdichtet.at\/index.php?rest_route=wpv2posts3632&print=pdf\" class=\"pdfprnt-button pdfprnt-button-pdf\" target=\"_blank\"><\/a><a href=\"https:\/\/www.verdichtet.at\/index.php?rest_route=wpv2posts3632&print=print\" class=\"pdfprnt-button pdfprnt-button-print\" target=\"_blank\"><\/a><\/div><ul>\n<li><a href=\"http:\/\/www.verdichtet.at\/?p=3587\">15 Stunden<\/a><\/li>\n<li><a href=\"http:\/\/www.verdichtet.at\/?p=6970\">Lampen, Uhren und Geschichten<\/a><\/li>\n<li><a href=\"http:\/\/www.verdichtet.at\/?p=3996\">Schnee<\/a><\/li>\n<li><a href=\"http:\/\/www.verdichtet.at\/?p=3182\">Sonntag<\/a><\/li>\n<li><a href=\"http:\/\/www.verdichtet.at\/?p=8635\">\u00dcber ein Verbrechen, das keines war, und die Willk\u00fcr, die best\u00e4ndig ist<\/a><\/li>\n<\/ul>\n","protected":false},"excerpt":{"rendered":"<p>15 Stunden Lampen, Uhren und Geschichten Schnee Sonntag \u00dcber ein Verbrechen, das keines war, und die Willk\u00fcr, die best\u00e4ndig ist<\/p>\n","protected":false},"author":4,"featured_media":0,"comment_status":"closed","ping_status":"open","sticky":false,"template":"","format":"standard","meta":{"footnotes":""},"categories":[101],"tags":[],"class_list":["post-3632","post","type-post","status-publish","format-standard","hentry","category-bartl-anna"],"_links":{"self":[{"href":"https:\/\/www.verdichtet.at\/index.php?rest_route=\/wp\/v2\/posts\/3632","targetHints":{"allow":["GET"]}}],"collection":[{"href":"https:\/\/www.verdichtet.at\/index.php?rest_route=\/wp\/v2\/posts"}],"about":[{"href":"https:\/\/www.verdichtet.at\/index.php?rest_route=\/wp\/v2\/types\/post"}],"author":[{"embeddable":true,"href":"https:\/\/www.verdichtet.at\/index.php?rest_route=\/wp\/v2\/users\/4"}],"replies":[{"embeddable":true,"href":"https:\/\/www.verdichtet.at\/index.php?rest_route=%2Fwp%2Fv2%2Fcomments&post=3632"}],"version-history":[{"count":5,"href":"https:\/\/www.verdichtet.at\/index.php?rest_route=\/wp\/v2\/posts\/3632\/revisions"}],"predecessor-version":[{"id":8642,"href":"https:\/\/www.verdichtet.at\/index.php?rest_route=\/wp\/v2\/posts\/3632\/revisions\/8642"}],"wp:attachment":[{"href":"https:\/\/www.verdichtet.at\/index.php?rest_route=%2Fwp%2Fv2%2Fmedia&parent=3632"}],"wp:term":[{"taxonomy":"category","embeddable":true,"href":"https:\/\/www.verdichtet.at\/index.php?rest_route=%2Fwp%2Fv2%2Fcategories&post=3632"},{"taxonomy":"post_tag","embeddable":true,"href":"https:\/\/www.verdichtet.at\/index.php?rest_route=%2Fwp%2Fv2%2Ftags&post=3632"}],"curies":[{"name":"wp","href":"https:\/\/api.w.org\/{rel}","templated":true}]}}