{"id":23418,"date":"2026-08-05T14:05:07","date_gmt":"2026-08-05T14:05:07","guid":{"rendered":"https:\/\/www.verdichtet.at\/?p=23418"},"modified":"2026-08-29T13:20:15","modified_gmt":"2026-08-29T13:20:15","slug":"herlicek-petri-heil-im-stadtpark","status":"publish","type":"post","link":"https:\/\/www.verdichtet.at\/?p=23418","title":{"rendered":"Herlicek \u2013 Petri Heil Im Stadtpark"},"content":{"rendered":"<div class=\"pdfprnt-buttons pdfprnt-buttons-post pdfprnt-top-right\"><a href=\"https:\/\/www.verdichtet.at\/index.php?rest_route=wpv2posts23418&print=pdf\" class=\"pdfprnt-button pdfprnt-button-pdf\" target=\"_blank\"><\/a><a href=\"https:\/\/www.verdichtet.at\/index.php?rest_route=wpv2posts23418&print=print\" class=\"pdfprnt-button pdfprnt-button-print\" target=\"_blank\"><\/a><\/div><blockquote><p>Es ist eigentlich sehr arg:<br \/>\nHerlicek angelt nachts im Park \u2013<br \/>\nim Stadtpark, um genau zu sein.<br \/>\nEr wartet abends, bis er allein.<\/p>\n<p>Er setzt sich ans Bassin, der Gute<br \/>\nund holt raus die Angelrute.<br \/>\nHoffnungsvoll blickt er zum Teich;<br \/>\nman wei\u00df, der ist an Fischen reich.<\/p>\n<p>Schon bei\u00dft einer, die Angel zittert.<br \/>\nHerlicek einen Karpfen wittert!<br \/>\nEr rei\u00dft an, die Enten quaken \u2013<br \/>\nein gro\u00dfer St\u00f6psel h\u00e4ngt am Haken.<\/p>\n<p>Dann gluckst und gurgelt es im Teich,<br \/>\ndas Wasser, das rinnt ab sogleich<br \/>\n(wie daheim in der Badewanne).<br \/>\nMein Gott, was f\u00fcr eine Panne!<\/p>\n<p>Die Fr\u00f6sche sind zu Recht emp\u00f6rt,<br \/>\nweil so was sich hier nicht geh\u00f6rt.<br \/>\nHerlicek sitzt vorm leeren Becken,<br \/>\ndie Fische strampeln ums Verrecken.<\/p>\n<p>Er sammelt sie auf und wirft sie rein<br \/>\nin den nahen Wienfluss, das ist fein.<br \/>\nNur <em>einen <\/em>Fisch nimmt er mit nach Haus \u2013<br \/>\nder wird sein hochverdienter Schmaus.<\/p><\/blockquote>\n<p style=\"text-align: right;\">Bernd Watzka<br \/>\naus: Herlicek. Aus dem Leben eines Wieners (2026)<br \/>\n<a href=\"https:\/\/www.verdichtet.at\/?cat=77\">Informationen zu Live-Terminen, Buchbestellungen und Videos<\/a><\/p>\n<p><img loading=\"lazy\" decoding=\"async\" class=\"alignnone size-full wp-image-22839\" src=\"http:\/\/www.verdichtet.at\/wp-content\/uploads\/2026\/04\/H_Zwinkern_Zoom_256.gif\" alt=\"\" width=\"256\" height=\"256\" \/><\/p>\n<p class=\"has-text-align-right\" style=\"text-align: right;\">www.verdichtet.at | Kategorie: <a href=\"https:\/\/www.verdichtet.at\/?page_id=412\">auszugsweise<\/a> | Inventarnummer: 26198<\/p>\n","protected":false},"excerpt":{"rendered":"<p>Es ist eigentlich sehr arg: Herlicek angelt nachts im Park \u2013 im Stadtpark, um genau zu sein. Er wartet abends, bis er allein. Er setzt sich ans Bassin, der Gute und holt raus die Angelrute. Hoffnungsvoll blickt er zum Teich; man wei\u00df, der ist an Fischen reich. Schon bei\u00dft einer, die Angel zittert. Herlicek einen [&hellip;]<\/p>\n","protected":false},"author":4,"featured_media":0,"comment_status":"open","ping_status":"open","sticky":false,"template":"","format":"standard","meta":{"footnotes":""},"categories":[77],"tags":[26],"class_list":["post-23418","post","type-post","status-publish","format-standard","hentry","category-watzka-bernd","tag-auszugsweise"],"_links":{"self":[{"href":"https:\/\/www.verdichtet.at\/index.php?rest_route=\/wp\/v2\/posts\/23418","targetHints":{"allow":["GET"]}}],"collection":[{"href":"https:\/\/www.verdichtet.at\/index.php?rest_route=\/wp\/v2\/posts"}],"about":[{"href":"https:\/\/www.verdichtet.at\/index.php?rest_route=\/wp\/v2\/types\/post"}],"author":[{"embeddable":true,"href":"https:\/\/www.verdichtet.at\/index.php?rest_route=\/wp\/v2\/users\/4"}],"replies":[{"embeddable":true,"href":"https:\/\/www.verdichtet.at\/index.php?rest_route=%2Fwp%2Fv2%2Fcomments&post=23418"}],"version-history":[{"count":2,"href":"https:\/\/www.verdichtet.at\/index.php?rest_route=\/wp\/v2\/posts\/23418\/revisions"}],"predecessor-version":[{"id":23431,"href":"https:\/\/www.verdichtet.at\/index.php?rest_route=\/wp\/v2\/posts\/23418\/revisions\/23431"}],"wp:attachment":[{"href":"https:\/\/www.verdichtet.at\/index.php?rest_route=%2Fwp%2Fv2%2Fmedia&parent=23418"}],"wp:term":[{"taxonomy":"category","embeddable":true,"href":"https:\/\/www.verdichtet.at\/index.php?rest_route=%2Fwp%2Fv2%2Fcategories&post=23418"},{"taxonomy":"post_tag","embeddable":true,"href":"https:\/\/www.verdichtet.at\/index.php?rest_route=%2Fwp%2Fv2%2Ftags&post=23418"}],"curies":[{"name":"wp","href":"https:\/\/api.w.org\/{rel}","templated":true}]}}