{"id":22530,"date":"2026-04-19T07:56:54","date_gmt":"2026-04-19T07:56:54","guid":{"rendered":"https:\/\/www.verdichtet.at\/?p=22530"},"modified":"2026-04-26T12:02:52","modified_gmt":"2026-04-26T12:02:52","slug":"irritierte-zungen","status":"publish","type":"post","link":"https:\/\/www.verdichtet.at\/?p=22530","title":{"rendered":"Irritierte Zungen"},"content":{"rendered":"<div class=\"pdfprnt-buttons pdfprnt-buttons-post pdfprnt-top-right\"><a href=\"https:\/\/www.verdichtet.at\/index.php?rest_route=wpv2posts22530&print=pdf\" class=\"pdfprnt-button pdfprnt-button-pdf\" target=\"_blank\"><\/a><a href=\"https:\/\/www.verdichtet.at\/index.php?rest_route=wpv2posts22530&print=print\" class=\"pdfprnt-button pdfprnt-button-print\" target=\"_blank\"><\/a><\/div><blockquote><p>Hat sich Gott zur\u00fcckgezogen<br \/>\nund hat so f\u00fcr sich erwogen,<br \/>\nf\u00fcr den Menschen Platz zu machen,<br \/>\num die Welt neu zu erschaffen?<\/p>\n<p>War er m\u00fcd vom vielen Sch\u00f6pfen?<br \/>\nLag es an verbohrten K\u00f6pfen?<br \/>\nWar da etwas schiefgegangen,<br \/>\ndamit, was er angefangen?<\/p>\n<p>Ein Geschenk, das war die Sprache,<br \/>\neine durchaus gute Sache.<br \/>\nWirklich sinnvoll und zuk\u00fcnftig,<br \/>\ngut durchdacht und sehr vern\u00fcnftig.<\/p>\n<p>Aber ach, oh Schreck, oh Graus,<br \/>\nwas machen diese Menschen draus?<br \/>\nGlobale Ordnung scheint vernichtet.<br \/>\nEiner, der es f\u00fcr sich richtet.<br \/>\nAls Messias will er klar,<br \/>\nF\u00fchrer sein, des Westens gar!<\/p>\n<p>Ein Imperialist, sonst inhaltsleer,<br \/>\nf\u00e4llt \u00fcber seinen Nachbarn her.<br \/>\nAnd\u2019re glauben gar, sie m\u00fcssten,<br \/>\nklerikale Erzfaschisten!,<br \/>\nMenschen k\u00f6pfen, das im Namen<br \/>\neines b\u00f6sen Gottes! Amen!<\/p>\n<p>H\u00e4tt\u2019 Geschichte ein System,<br \/>\nw\u00e4r es \u00e4u\u00dferst angenehm,<br \/>\nvon diesem einfach abzulesen,<br \/>\nwas wird sein, wie war\u2019s gewesen?<\/p>\n<p>Wider jegliche Vernunft,<br \/>\nGescheh\u2019n ist ohne Wiederkunft.<br \/>\nZeigt sich meistens unauffindbar,<br \/>\nwandelbar und niemals klar!<\/p>\n<p>Wie man es auch hier vorf\u00fchre,<br \/>\nin der \u00c4ra der Raubtiere,<br \/>\nherrscht Kommunikation eiskalt,<br \/>\nin der Sprache der Gewalt.<\/p><\/blockquote>\n<p style=\"text-align: right;\">Norbert Johannes Prenner<\/p>\n<p style=\"text-align: right;\">www.verdichtet.at\u00a0|\u00a0Kategorie: <a href=\"http:\/\/www.verdichtet.at\/?page_id=972\">\u00e4rgstens<\/a> | Inventarnummer: 26120<\/p>\n","protected":false},"excerpt":{"rendered":"<p>Hat sich Gott zur\u00fcckgezogen und hat so f\u00fcr sich erwogen, f\u00fcr den Menschen Platz zu machen, um die Welt neu zu erschaffen? War er m\u00fcd vom vielen Sch\u00f6pfen? Lag es an verbohrten K\u00f6pfen? War da etwas schiefgegangen, damit, was er angefangen? Ein Geschenk, das war die Sprache, eine durchaus gute Sache. Wirklich sinnvoll und zuk\u00fcnftig, [&hellip;]<\/p>\n","protected":false},"author":4,"featured_media":0,"comment_status":"open","ping_status":"open","sticky":false,"template":"","format":"standard","meta":{"footnotes":""},"categories":[79],"tags":[57],"class_list":["post-22530","post","type-post","status-publish","format-standard","hentry","category-prenner-norbert-johannes","tag-aergstens"],"_links":{"self":[{"href":"https:\/\/www.verdichtet.at\/index.php?rest_route=\/wp\/v2\/posts\/22530","targetHints":{"allow":["GET"]}}],"collection":[{"href":"https:\/\/www.verdichtet.at\/index.php?rest_route=\/wp\/v2\/posts"}],"about":[{"href":"https:\/\/www.verdichtet.at\/index.php?rest_route=\/wp\/v2\/types\/post"}],"author":[{"embeddable":true,"href":"https:\/\/www.verdichtet.at\/index.php?rest_route=\/wp\/v2\/users\/4"}],"replies":[{"embeddable":true,"href":"https:\/\/www.verdichtet.at\/index.php?rest_route=%2Fwp%2Fv2%2Fcomments&post=22530"}],"version-history":[{"count":6,"href":"https:\/\/www.verdichtet.at\/index.php?rest_route=\/wp\/v2\/posts\/22530\/revisions"}],"predecessor-version":[{"id":22577,"href":"https:\/\/www.verdichtet.at\/index.php?rest_route=\/wp\/v2\/posts\/22530\/revisions\/22577"}],"wp:attachment":[{"href":"https:\/\/www.verdichtet.at\/index.php?rest_route=%2Fwp%2Fv2%2Fmedia&parent=22530"}],"wp:term":[{"taxonomy":"category","embeddable":true,"href":"https:\/\/www.verdichtet.at\/index.php?rest_route=%2Fwp%2Fv2%2Fcategories&post=22530"},{"taxonomy":"post_tag","embeddable":true,"href":"https:\/\/www.verdichtet.at\/index.php?rest_route=%2Fwp%2Fv2%2Ftags&post=22530"}],"curies":[{"name":"wp","href":"https:\/\/api.w.org\/{rel}","templated":true}]}}