{"id":22520,"date":"2026-04-19T07:45:52","date_gmt":"2026-04-19T07:45:52","guid":{"rendered":"https:\/\/www.verdichtet.at\/?p=22520"},"modified":"2026-05-03T07:41:48","modified_gmt":"2026-05-03T07:41:48","slug":"the-poor-and-lonesome-cowboy","status":"publish","type":"post","link":"https:\/\/www.verdichtet.at\/?p=22520","title":{"rendered":"The poor and lonesome Cowboy"},"content":{"rendered":"<div class=\"pdfprnt-buttons pdfprnt-buttons-post pdfprnt-top-right\"><a href=\"https:\/\/www.verdichtet.at\/index.php?rest_route=wpv2posts22520&print=pdf\" class=\"pdfprnt-button pdfprnt-button-pdf\" target=\"_blank\"><\/a><a href=\"https:\/\/www.verdichtet.at\/index.php?rest_route=wpv2posts22520&print=print\" class=\"pdfprnt-button pdfprnt-button-print\" target=\"_blank\"><\/a><\/div><blockquote>\r\n<p>Wie wichtig war in Jonnys Leben<br \/>vor allem, nach der Freiheit streben!<br \/>Nach Tugend und Gelassenheit,<br \/>im Einklang zur Verg\u00e4nglichkeit.<\/p>\r\n<p>Mehr lag ihm an des Lebens W\u00fcrze<br \/>als an des Vergn\u00fcgens K\u00fcrze.<br \/>Wichtig war, was wesentlich,<br \/>egal, was unab\u00e4nderlich.<\/p>\r\n<p>Wie wertvoll macht die Endlichkeit<br \/>das Leben ohne Eitelkeit.<br \/>Einstellung bestimmt die F\u00fcgung<br \/>und nicht die \u00e4u\u00dfere Bedingung.<\/p>\r\n<p>Sein Credo, das verga\u00df er nie,<br \/>sein Lebensraum war die Pr\u00e4rie.<br \/>Nicht zeitgem\u00e4\u00df schien ihm sein Pferd,<br \/>ein Motorrad war ihm mehr wert.<\/p>\r\n<p>Wenn er des Nachts am Feuer schlief,<br \/>dann stand es neben ihm, ganz schief.<br \/>In seinem Stiefel ein Skorpion,<br \/>na und, sagt er, was macht das schon?<\/p>\r\n<p>Er h\u00e4tte gar nichts zu vererben,<br \/>das dachte er, w\u00fcrde er sterben.<br \/>Und niemand w\u00fcrde bei ihm sein,<br \/>er st\u00fcrbe einsam und allein.<\/p>\r\n<div id=\"attachment_22522\" style=\"width: 460px\" class=\"wp-caption aligncenter\"><a href=\"http:\/\/www.verdichtet.at\/wp-content\/uploads\/2026\/04\/Lonely.jpg\"><img loading=\"lazy\" decoding=\"async\" aria-describedby=\"caption-attachment-22522\" class=\"size-full wp-image-22522\" src=\"http:\/\/www.verdichtet.at\/wp-content\/uploads\/2026\/04\/Lonely.jpg\" alt=\"Copyright: Norbert Johannes Prenner\" width=\"450\" height=\"296\" srcset=\"https:\/\/www.verdichtet.at\/wp-content\/uploads\/2026\/04\/Lonely.jpg 450w, https:\/\/www.verdichtet.at\/wp-content\/uploads\/2026\/04\/Lonely-300x197.jpg 300w\" sizes=\"auto, (max-width: 450px) 100vw, 450px\" \/><\/a><p id=\"caption-attachment-22522\" class=\"wp-caption-text\">Copyright: Norbert Johannes Prenner<\/p><\/div>\r\n<\/blockquote>\r\n<p class=\"has-text-align-right\" style=\"text-align: right;\">Norbert Johannes Prenner (Text und Grafik)<\/p>\r\n<p style=\"text-align: right;\"><!-- \/wp:post-content -->\r\n\r\n<!-- wp:paragraph {\"align\":\"right\"} --><\/p>\r\n<p class=\"has-text-align-right\" style=\"text-align: right;\">www.verdichtet.at | Kategorie: <a href=\"http:\/\/www.verdichtet.at\/?page_id=420\">hin &amp; weg<\/a> | Inventarnummer: 26119<\/p>","protected":false},"excerpt":{"rendered":"<p>Wie wichtig war in Jonnys Lebenvor allem, nach der Freiheit streben!Nach Tugend und Gelassenheit,im Einklang zur Verg\u00e4nglichkeit. Mehr lag ihm an des Lebens W\u00fcrzeals an des Vergn\u00fcgens K\u00fcrze.Wichtig war, was wesentlich,egal, was unab\u00e4nderlich. Wie wertvoll macht die Endlichkeitdas Leben ohne Eitelkeit.Einstellung bestimmt die F\u00fcgungund nicht die \u00e4u\u00dfere Bedingung. Sein Credo, das verga\u00df er nie,sein Lebensraum [&hellip;]<\/p>\n","protected":false},"author":4,"featured_media":0,"comment_status":"open","ping_status":"open","sticky":false,"template":"","format":"standard","meta":{"footnotes":""},"categories":[79],"tags":[10],"class_list":["post-22520","post","type-post","status-publish","format-standard","hentry","category-prenner-norbert-johannes","tag-hin-weg"],"_links":{"self":[{"href":"https:\/\/www.verdichtet.at\/index.php?rest_route=\/wp\/v2\/posts\/22520","targetHints":{"allow":["GET"]}}],"collection":[{"href":"https:\/\/www.verdichtet.at\/index.php?rest_route=\/wp\/v2\/posts"}],"about":[{"href":"https:\/\/www.verdichtet.at\/index.php?rest_route=\/wp\/v2\/types\/post"}],"author":[{"embeddable":true,"href":"https:\/\/www.verdichtet.at\/index.php?rest_route=\/wp\/v2\/users\/4"}],"replies":[{"embeddable":true,"href":"https:\/\/www.verdichtet.at\/index.php?rest_route=%2Fwp%2Fv2%2Fcomments&post=22520"}],"version-history":[{"count":7,"href":"https:\/\/www.verdichtet.at\/index.php?rest_route=\/wp\/v2\/posts\/22520\/revisions"}],"predecessor-version":[{"id":22528,"href":"https:\/\/www.verdichtet.at\/index.php?rest_route=\/wp\/v2\/posts\/22520\/revisions\/22528"}],"wp:attachment":[{"href":"https:\/\/www.verdichtet.at\/index.php?rest_route=%2Fwp%2Fv2%2Fmedia&parent=22520"}],"wp:term":[{"taxonomy":"category","embeddable":true,"href":"https:\/\/www.verdichtet.at\/index.php?rest_route=%2Fwp%2Fv2%2Fcategories&post=22520"},{"taxonomy":"post_tag","embeddable":true,"href":"https:\/\/www.verdichtet.at\/index.php?rest_route=%2Fwp%2Fv2%2Ftags&post=22520"}],"curies":[{"name":"wp","href":"https:\/\/api.w.org\/{rel}","templated":true}]}}