{"id":22497,"date":"2026-04-18T14:26:31","date_gmt":"2026-04-18T14:26:31","guid":{"rendered":"https:\/\/www.verdichtet.at\/?p=22497"},"modified":"2026-04-26T11:57:02","modified_gmt":"2026-04-26T11:57:02","slug":"herlicek-investition-in-gold","status":"publish","type":"post","link":"https:\/\/www.verdichtet.at\/?p=22497","title":{"rendered":"Herlicek \u2013 Investition in Gold"},"content":{"rendered":"<div class=\"pdfprnt-buttons pdfprnt-buttons-post pdfprnt-top-right\"><a href=\"https:\/\/www.verdichtet.at\/index.php?rest_route=wpv2posts22497&print=pdf\" class=\"pdfprnt-button pdfprnt-button-pdf\" target=\"_blank\"><\/a><a href=\"https:\/\/www.verdichtet.at\/index.php?rest_route=wpv2posts22497&print=print\" class=\"pdfprnt-button pdfprnt-button-print\" target=\"_blank\"><\/a><\/div><blockquote><p>Der Preis des Goldes steigt und steigt,<br \/>\ndoch Herlicek ganz nobel schweigt.<br \/>\nEr hatte den Trend l\u00e4ngst erkannt<br \/>\nund vorgesorgt mit Hausverstand.<\/p>\n<p>Sein Gold-Depot sorgt f\u00fcr ein Glei\u00dfen<br \/>\nund daf\u00fcr, dass er was hat zum Bei\u00dfen.<br \/>\nWas also ist des Schweigens Grund?<br \/>\nEr hat sein Gold \u2013 in seinem MUND!<\/p><\/blockquote>\n<p style=\"text-align: right;\">Bernd Watzka<br \/>\naus: Herlicek. Aus dem Leben eines Wieners (2026)<br \/>\n<a href=\"https:\/\/www.verdichtet.at\/?cat=77\">Informationen zu Live-Terminen, Buchbestellungen und Videos<\/a><\/p>\n<p class=\"has-text-align-right\" style=\"text-align: right;\">www.verdichtet.at | Kategorie: <a href=\"https:\/\/www.verdichtet.at\/?page_id=412\">auszugsweise<\/a> | Inventarnummer: 26116<\/p>\n","protected":false},"excerpt":{"rendered":"<p>Der Preis des Goldes steigt und steigt, doch Herlicek ganz nobel schweigt. Er hatte den Trend l\u00e4ngst erkannt und vorgesorgt mit Hausverstand. Sein Gold-Depot sorgt f\u00fcr ein Glei\u00dfen und daf\u00fcr, dass er was hat zum Bei\u00dfen. Was also ist des Schweigens Grund? Er hat sein Gold \u2013 in seinem MUND! Bernd Watzka aus: Herlicek. Aus [&hellip;]<\/p>\n","protected":false},"author":4,"featured_media":0,"comment_status":"open","ping_status":"open","sticky":false,"template":"","format":"standard","meta":{"footnotes":""},"categories":[77],"tags":[26],"class_list":["post-22497","post","type-post","status-publish","format-standard","hentry","category-watzka-bernd","tag-auszugsweise"],"_links":{"self":[{"href":"https:\/\/www.verdichtet.at\/index.php?rest_route=\/wp\/v2\/posts\/22497","targetHints":{"allow":["GET"]}}],"collection":[{"href":"https:\/\/www.verdichtet.at\/index.php?rest_route=\/wp\/v2\/posts"}],"about":[{"href":"https:\/\/www.verdichtet.at\/index.php?rest_route=\/wp\/v2\/types\/post"}],"author":[{"embeddable":true,"href":"https:\/\/www.verdichtet.at\/index.php?rest_route=\/wp\/v2\/users\/4"}],"replies":[{"embeddable":true,"href":"https:\/\/www.verdichtet.at\/index.php?rest_route=%2Fwp%2Fv2%2Fcomments&post=22497"}],"version-history":[{"count":3,"href":"https:\/\/www.verdichtet.at\/index.php?rest_route=\/wp\/v2\/posts\/22497\/revisions"}],"predecessor-version":[{"id":22504,"href":"https:\/\/www.verdichtet.at\/index.php?rest_route=\/wp\/v2\/posts\/22497\/revisions\/22504"}],"wp:attachment":[{"href":"https:\/\/www.verdichtet.at\/index.php?rest_route=%2Fwp%2Fv2%2Fmedia&parent=22497"}],"wp:term":[{"taxonomy":"category","embeddable":true,"href":"https:\/\/www.verdichtet.at\/index.php?rest_route=%2Fwp%2Fv2%2Fcategories&post=22497"},{"taxonomy":"post_tag","embeddable":true,"href":"https:\/\/www.verdichtet.at\/index.php?rest_route=%2Fwp%2Fv2%2Ftags&post=22497"}],"curies":[{"name":"wp","href":"https:\/\/api.w.org\/{rel}","templated":true}]}}