{"id":21840,"date":"2026-01-12T09:19:13","date_gmt":"2026-01-12T09:19:13","guid":{"rendered":"https:\/\/www.verdichtet.at\/?p=21840"},"modified":"2026-04-26T11:52:31","modified_gmt":"2026-04-26T11:52:31","slug":"leben","status":"publish","type":"post","link":"https:\/\/www.verdichtet.at\/?p=21840","title":{"rendered":"leben"},"content":{"rendered":"<div class=\"pdfprnt-buttons pdfprnt-buttons-post pdfprnt-top-right\"><a href=\"https:\/\/www.verdichtet.at\/index.php?rest_route=wpv2posts21840&print=pdf\" class=\"pdfprnt-button pdfprnt-button-pdf\" target=\"_blank\"><\/a><a href=\"https:\/\/www.verdichtet.at\/index.php?rest_route=wpv2posts21840&print=print\" class=\"pdfprnt-button pdfprnt-button-print\" target=\"_blank\"><\/a><\/div><blockquote><p>Ich durchquere das Dorf. Dahinter wird es Wiesen, Felder und W\u00e4lder geben. In der Ferne sehe ich die Stadt. Das ist mein Leben, vereinfacht f\u00fcr mich zusammengefasst, zeitlich ungeordnet, was bedeutet, dass ich mein Leben gleichzeitig lebe. Die Zeit dr\u00fcckt sich in meiner Wanderung aus.<\/p>\n<p>Ich bin gerade erst losgegangen und werde noch lange unterwegs sein. Es gibt keinerlei Lebewesen \u2013 nicht den kleinsten K\u00e4fer mache ich aus. Daher fahren auch keine Autos. Vielleicht werde ich in der Stadt auf ein paar im Probebetrieb selbstfahrende sto\u00dfen, was aber unwahrscheinlich ist, das dies bei uns noch nicht gestattet ist.<\/p>\n<p>Da ich der einzige Mensch in meinem Leben bin, wurde jedes Haus exklusiv f\u00fcr mich erbaut, jedes Korn f\u00fcr mich speziell angesetzt, jeder Baum wuchs nur f\u00fcr mich.<\/p>\n<p>Es ist nicht gut, der Einzige zu sein, denke ich, das ist es ganz und gar nicht! Bin ich hier \u00fcberhaupt richtig?<\/p>\n<div id=\"attachment_21839\" style=\"width: 410px\" class=\"wp-caption aligncenter\"><a href=\"http:\/\/www.verdichtet.at\/wp-content\/uploads\/2026\/01\/Die-durch-die-Baeume-scheinende-Morgensonne-des-20.-Maerz-2025-in-Krumpendorf.jpg\"><img loading=\"lazy\" decoding=\"async\" aria-describedby=\"caption-attachment-21839\" class=\"size-full wp-image-21839\" src=\"http:\/\/www.verdichtet.at\/wp-content\/uploads\/2026\/01\/Die-durch-die-Baeume-scheinende-Morgensonne-des-20.-Maerz-2025-in-Krumpendorf.jpg\" alt=\"Die durch die B\u00e4ume scheinende Morgensonne des 20. M\u00e4rz 2025 in Krumpendorf\" width=\"400\" height=\"225\" srcset=\"https:\/\/www.verdichtet.at\/wp-content\/uploads\/2026\/01\/Die-durch-die-Baeume-scheinende-Morgensonne-des-20.-Maerz-2025-in-Krumpendorf.jpg 400w, https:\/\/www.verdichtet.at\/wp-content\/uploads\/2026\/01\/Die-durch-die-Baeume-scheinende-Morgensonne-des-20.-Maerz-2025-in-Krumpendorf-300x169.jpg 300w\" sizes=\"auto, (max-width: 400px) 100vw, 400px\" \/><\/a><p id=\"caption-attachment-21839\" class=\"wp-caption-text\">Die durch die B\u00e4ume scheinende Morgensonne des 20. M\u00e4rz 2025 in Krumpendorf<\/p><\/div><\/blockquote>\n<p style=\"text-align: right;\">Johannes Tosin<br \/>\n(Text und Foto)<\/p>\n<p style=\"text-align: right;\">www.verdichtet.at | Kategorie: <a href=\"http:\/\/www.verdichtet.at\/?page_id=426\">schr\u00e4g &amp; abgedreht<\/a> | Inventarnummer:\u00a0 26046<\/p>\n","protected":false},"excerpt":{"rendered":"<p>Ich durchquere das Dorf. Dahinter wird es Wiesen, Felder und W\u00e4lder geben. In der Ferne sehe ich die Stadt. Das ist mein Leben, vereinfacht f\u00fcr mich zusammengefasst, zeitlich ungeordnet, was bedeutet, dass ich mein Leben gleichzeitig lebe. Die Zeit dr\u00fcckt sich in meiner Wanderung aus. Ich bin gerade erst losgegangen und werde noch lange unterwegs [&hellip;]<\/p>\n","protected":false},"author":4,"featured_media":0,"comment_status":"open","ping_status":"open","sticky":false,"template":"","format":"standard","meta":{"footnotes":""},"categories":[117],"tags":[23],"class_list":["post-21840","post","type-post","status-publish","format-standard","hentry","category-tosin-johannes","tag-schraeg-abgedreht"],"_links":{"self":[{"href":"https:\/\/www.verdichtet.at\/index.php?rest_route=\/wp\/v2\/posts\/21840","targetHints":{"allow":["GET"]}}],"collection":[{"href":"https:\/\/www.verdichtet.at\/index.php?rest_route=\/wp\/v2\/posts"}],"about":[{"href":"https:\/\/www.verdichtet.at\/index.php?rest_route=\/wp\/v2\/types\/post"}],"author":[{"embeddable":true,"href":"https:\/\/www.verdichtet.at\/index.php?rest_route=\/wp\/v2\/users\/4"}],"replies":[{"embeddable":true,"href":"https:\/\/www.verdichtet.at\/index.php?rest_route=%2Fwp%2Fv2%2Fcomments&post=21840"}],"version-history":[{"count":3,"href":"https:\/\/www.verdichtet.at\/index.php?rest_route=\/wp\/v2\/posts\/21840\/revisions"}],"predecessor-version":[{"id":21843,"href":"https:\/\/www.verdichtet.at\/index.php?rest_route=\/wp\/v2\/posts\/21840\/revisions\/21843"}],"wp:attachment":[{"href":"https:\/\/www.verdichtet.at\/index.php?rest_route=%2Fwp%2Fv2%2Fmedia&parent=21840"}],"wp:term":[{"taxonomy":"category","embeddable":true,"href":"https:\/\/www.verdichtet.at\/index.php?rest_route=%2Fwp%2Fv2%2Fcategories&post=21840"},{"taxonomy":"post_tag","embeddable":true,"href":"https:\/\/www.verdichtet.at\/index.php?rest_route=%2Fwp%2Fv2%2Ftags&post=21840"}],"curies":[{"name":"wp","href":"https:\/\/api.w.org\/{rel}","templated":true}]}}