{"id":21829,"date":"2026-01-12T09:12:05","date_gmt":"2026-01-12T09:12:05","guid":{"rendered":"https:\/\/www.verdichtet.at\/?p=21829"},"modified":"2026-05-03T07:32:50","modified_gmt":"2026-05-03T07:32:50","slug":"das-schwebende-haus","status":"publish","type":"post","link":"https:\/\/www.verdichtet.at\/?p=21829","title":{"rendered":"Das schwebende Haus"},"content":{"rendered":"<div class=\"pdfprnt-buttons pdfprnt-buttons-post pdfprnt-top-right\"><a href=\"https:\/\/www.verdichtet.at\/index.php?rest_route=wpv2posts21829&print=pdf\" class=\"pdfprnt-button pdfprnt-button-pdf\" target=\"_blank\"><\/a><a href=\"https:\/\/www.verdichtet.at\/index.php?rest_route=wpv2posts21829&print=print\" class=\"pdfprnt-button pdfprnt-button-print\" target=\"_blank\"><\/a><\/div><blockquote>\r\n<p>Der Mann erwacht. Wann hat er sich eigentlich niedergelegt? Er erinnert sich nicht. \u00dcblicherweise schl\u00e4ft man \u00fcber die Nacht bis zum Morgen. Er sieht das Rot am Himmel, aber im Westen. Ihm f\u00e4llt auf, dass Spinnweben h\u00e4ngen und Staub liegt. Er h\u00f6rt keine Ger\u00e4usche, bis auf die des Windes. Er \u00f6ffnet die Haust\u00fcr. Da sieht er es, das Haus schwebt in der Luft, die Entfernung zum Boden betr\u00e4gt zirka hundertf\u00fcnfzig Meter. Das Haus steht starr. Wie geht es weiter?<\/p>\r\n<\/blockquote>\r\n<blockquote>\r\n<div id=\"attachment_21828\" style=\"width: 410px\" class=\"wp-caption aligncenter\"><a href=\"http:\/\/www.verdichtet.at\/wp-content\/uploads\/2026\/01\/Die-Sonne-senkt-sich-hinter-dem-Woerthersee-am-30.-Oktober-2024.jpg\"><img loading=\"lazy\" decoding=\"async\" aria-describedby=\"caption-attachment-21828\" class=\"size-full wp-image-21828\" src=\"http:\/\/www.verdichtet.at\/wp-content\/uploads\/2026\/01\/Die-Sonne-senkt-sich-hinter-dem-Woerthersee-am-30.-Oktober-2024.jpg\" alt=\"Die Sonne senkt sich hinter dem W\u00f6rthersee am 30. Oktober 2024\" width=\"400\" height=\"300\" srcset=\"https:\/\/www.verdichtet.at\/wp-content\/uploads\/2026\/01\/Die-Sonne-senkt-sich-hinter-dem-Woerthersee-am-30.-Oktober-2024.jpg 400w, https:\/\/www.verdichtet.at\/wp-content\/uploads\/2026\/01\/Die-Sonne-senkt-sich-hinter-dem-Woerthersee-am-30.-Oktober-2024-300x225.jpg 300w\" sizes=\"auto, (max-width: 400px) 100vw, 400px\" \/><\/a><p id=\"caption-attachment-21828\" class=\"wp-caption-text\">Die Sonne senkt sich hinter dem W\u00f6rthersee am 30. Oktober 2024<\/p><\/div>\r\n<\/blockquote>\r\n<p class=\"has-text-align-right\" style=\"text-align: right;\">Johannes Tosin (Text und Foto)<\/p>\r\n<p style=\"text-align: right;\"><!-- \/wp:post-content -->\r\n\r\n<!-- wp:paragraph {\"align\":\"right\"} --><\/p>\r\n<p class=\"has-text-align-right\" style=\"text-align: right;\">www.verdichtet.at |\u00a0Kategorie:\u00a0<a href=\"http:\/\/www.verdichtet.at\/?page_id=3081\">\u00bfQu\u00e9 ser\u00e1, ser\u00e1?<\/a> | Inventarnummer: 26044<\/p>","protected":false},"excerpt":{"rendered":"<p>Der Mann erwacht. Wann hat er sich eigentlich niedergelegt? Er erinnert sich nicht. \u00dcblicherweise schl\u00e4ft man \u00fcber die Nacht bis zum Morgen. Er sieht das Rot am Himmel, aber im Westen. Ihm f\u00e4llt auf, dass Spinnweben h\u00e4ngen und Staub liegt. Er h\u00f6rt keine Ger\u00e4usche, bis auf die des Windes. Er \u00f6ffnet die Haust\u00fcr. Da sieht [&hellip;]<\/p>\n","protected":false},"author":4,"featured_media":0,"comment_status":"open","ping_status":"open","sticky":false,"template":"","format":"standard","meta":{"footnotes":""},"categories":[117],"tags":[93],"class_list":["post-21829","post","type-post","status-publish","format-standard","hentry","category-tosin-johannes","tag-que-sera-sera"],"_links":{"self":[{"href":"https:\/\/www.verdichtet.at\/index.php?rest_route=\/wp\/v2\/posts\/21829","targetHints":{"allow":["GET"]}}],"collection":[{"href":"https:\/\/www.verdichtet.at\/index.php?rest_route=\/wp\/v2\/posts"}],"about":[{"href":"https:\/\/www.verdichtet.at\/index.php?rest_route=\/wp\/v2\/types\/post"}],"author":[{"embeddable":true,"href":"https:\/\/www.verdichtet.at\/index.php?rest_route=\/wp\/v2\/users\/4"}],"replies":[{"embeddable":true,"href":"https:\/\/www.verdichtet.at\/index.php?rest_route=%2Fwp%2Fv2%2Fcomments&post=21829"}],"version-history":[{"count":4,"href":"https:\/\/www.verdichtet.at\/index.php?rest_route=\/wp\/v2\/posts\/21829\/revisions"}],"predecessor-version":[{"id":21833,"href":"https:\/\/www.verdichtet.at\/index.php?rest_route=\/wp\/v2\/posts\/21829\/revisions\/21833"}],"wp:attachment":[{"href":"https:\/\/www.verdichtet.at\/index.php?rest_route=%2Fwp%2Fv2%2Fmedia&parent=21829"}],"wp:term":[{"taxonomy":"category","embeddable":true,"href":"https:\/\/www.verdichtet.at\/index.php?rest_route=%2Fwp%2Fv2%2Fcategories&post=21829"},{"taxonomy":"post_tag","embeddable":true,"href":"https:\/\/www.verdichtet.at\/index.php?rest_route=%2Fwp%2Fv2%2Ftags&post=21829"}],"curies":[{"name":"wp","href":"https:\/\/api.w.org\/{rel}","templated":true}]}}