{"id":21550,"date":"2025-12-14T14:52:21","date_gmt":"2025-12-14T14:52:21","guid":{"rendered":"https:\/\/www.verdichtet.at\/?p=21550"},"modified":"2026-05-03T07:32:37","modified_gmt":"2026-05-03T07:32:37","slug":"haut","status":"publish","type":"post","link":"https:\/\/www.verdichtet.at\/?p=21550","title":{"rendered":"Haut"},"content":{"rendered":"<div class=\"pdfprnt-buttons pdfprnt-buttons-post pdfprnt-top-right\"><a href=\"https:\/\/www.verdichtet.at\/index.php?rest_route=wpv2posts21550&print=pdf\" class=\"pdfprnt-button pdfprnt-button-pdf\" target=\"_blank\"><\/a><a href=\"https:\/\/www.verdichtet.at\/index.php?rest_route=wpv2posts21550&print=print\" class=\"pdfprnt-button pdfprnt-button-print\" target=\"_blank\"><\/a><\/div><p><em>Im Oktober.<\/em><\/p>\r\n<p>Mann:<br \/>Wer bist du, M\u00e4dchen? Ich habe dich beobachtet: Du sprichst mit jedem genauso, dass er dich optimal versteht.<\/p>\r\n<p>M\u00e4dchen:<br \/>Ich bin eine tote Person.<\/p>\r\n<p>Mann:<br \/>Wie bitte? Du unterh\u00e4ltst dich doch mit mir.<\/p>\r\n<p>M\u00e4dchen:<br \/>Ich wurde, sagen wir es so, konserviert.<\/p>\r\n<p>Mann:<br \/>So weit ist die Technik schon?<\/p>\r\n<p>M\u00e4dchen:<br \/>Ist sie, ja. Nur wei\u00df das fast niemand.<\/p>\r\n<p>Mann:<br \/>Du bestehst aber nicht aus Fleisch, Blut, Organen und Knochen, oder?<\/p>\r\n<p>M\u00e4dchen:<br \/>Das nicht, ich bin funktioneller aufgebaut. Was du beispielsweise an mir als Haut sieht, ist in Wirklichkeit eine Kunststofffolie. Deshalb kann ich auch nicht schwitzen.<\/p>\r\n<p><em>Das M\u00e4dchen h\u00e4lt dem Mann ihren nackten linken Unterarm hin. Er f\u00e4hrt mit seinem rechten Zeigefinger dar\u00fcber.<\/em><\/p>\r\n<p>Mann:<br \/>Das ist ja toll! Ich merke keinen Unterschied:<\/p>\r\n<p>M\u00e4dchen:<br \/>So soll es sein.<\/p>\r\n<p><em>Der Mann dreht sich weg.<\/em><\/p>\r\n<p>Mann:<br \/>Na dann, es war nett, dich kennengelernt zu haben.<\/p>\r\n<p>M\u00e4dchen:<br \/>Die Freude ist ganz meinerseits.<\/p>\r\n<p>&nbsp;<\/p>\r\n<p class=\"has-text-align-right\" style=\"text-align: right;\">Johannes Tosin<\/p>\r\n<p style=\"text-align: right;\"><!-- \/wp:post-content -->\r\n\r\n<!-- wp:paragraph {\"align\":\"right\"} --><\/p>\r\n<p class=\"has-text-align-right\" style=\"text-align: right;\">www.verdichtet.at |\u00a0Kategorie:\u00a0<a href=\"http:\/\/www.verdichtet.at\/?page_id=3081\">\u00bfQu\u00e9 ser\u00e1, ser\u00e1?<\/a> | Inventarnummer: 26031<\/p>\r\n<p>&nbsp;<\/p>","protected":false},"excerpt":{"rendered":"<p>Im Oktober. Mann:Wer bist du, M\u00e4dchen? Ich habe dich beobachtet: Du sprichst mit jedem genauso, dass er dich optimal versteht. M\u00e4dchen:Ich bin eine tote Person. Mann:Wie bitte? Du unterh\u00e4ltst dich doch mit mir. M\u00e4dchen:Ich wurde, sagen wir es so, konserviert. Mann:So weit ist die Technik schon? M\u00e4dchen:Ist sie, ja. Nur wei\u00df das fast niemand. Mann:Du [&hellip;]<\/p>\n","protected":false},"author":4,"featured_media":0,"comment_status":"open","ping_status":"open","sticky":false,"template":"","format":"standard","meta":{"footnotes":""},"categories":[117],"tags":[93],"class_list":["post-21550","post","type-post","status-publish","format-standard","hentry","category-tosin-johannes","tag-que-sera-sera"],"_links":{"self":[{"href":"https:\/\/www.verdichtet.at\/index.php?rest_route=\/wp\/v2\/posts\/21550","targetHints":{"allow":["GET"]}}],"collection":[{"href":"https:\/\/www.verdichtet.at\/index.php?rest_route=\/wp\/v2\/posts"}],"about":[{"href":"https:\/\/www.verdichtet.at\/index.php?rest_route=\/wp\/v2\/types\/post"}],"author":[{"embeddable":true,"href":"https:\/\/www.verdichtet.at\/index.php?rest_route=\/wp\/v2\/users\/4"}],"replies":[{"embeddable":true,"href":"https:\/\/www.verdichtet.at\/index.php?rest_route=%2Fwp%2Fv2%2Fcomments&post=21550"}],"version-history":[{"count":5,"href":"https:\/\/www.verdichtet.at\/index.php?rest_route=\/wp\/v2\/posts\/21550\/revisions"}],"predecessor-version":[{"id":21555,"href":"https:\/\/www.verdichtet.at\/index.php?rest_route=\/wp\/v2\/posts\/21550\/revisions\/21555"}],"wp:attachment":[{"href":"https:\/\/www.verdichtet.at\/index.php?rest_route=%2Fwp%2Fv2%2Fmedia&parent=21550"}],"wp:term":[{"taxonomy":"category","embeddable":true,"href":"https:\/\/www.verdichtet.at\/index.php?rest_route=%2Fwp%2Fv2%2Fcategories&post=21550"},{"taxonomy":"post_tag","embeddable":true,"href":"https:\/\/www.verdichtet.at\/index.php?rest_route=%2Fwp%2Fv2%2Ftags&post=21550"}],"curies":[{"name":"wp","href":"https:\/\/api.w.org\/{rel}","templated":true}]}}