{"id":20658,"date":"2025-08-15T13:10:00","date_gmt":"2025-08-15T13:10:00","guid":{"rendered":"https:\/\/www.verdichtet.at\/?p=20658"},"modified":"2025-08-23T14:06:33","modified_gmt":"2025-08-23T14:06:33","slug":"schnitter-tod","status":"publish","type":"post","link":"https:\/\/www.verdichtet.at\/?p=20658","title":{"rendered":"Schnitter Tod"},"content":{"rendered":"<div class=\"pdfprnt-buttons pdfprnt-buttons-post pdfprnt-top-right\"><a href=\"https:\/\/www.verdichtet.at\/index.php?rest_route=wpv2posts20658&print=pdf\" class=\"pdfprnt-button pdfprnt-button-pdf\" target=\"_blank\"><\/a><a href=\"https:\/\/www.verdichtet.at\/index.php?rest_route=wpv2posts20658&print=print\" class=\"pdfprnt-button pdfprnt-button-print\" target=\"_blank\"><\/a><\/div>\n<blockquote class=\"wp-block-quote is-layout-flow wp-block-quote-is-layout-flow\">\n<p>Ich bin der Schnitter, der hei\u00dft Tod! Und alle f\u00fcrchten meine Klinge.<br>Zu jeder Tageszeit bereit, auf dass sie in die K\u00f6rper dringe.<br>Mir ist der Abend grad so lieb als wie der Morgen.<br>Und wer sich in den Weg mir stellt, der hat nie wieder Sorgen.<br>Wer liegen bleibt, ist selber schuld, er h\u00e4tte fliehen k\u00f6nnen.<br>Der meinen Motor schon von Weitem h\u00f6rt, davon m\u00fcsste er rennen.<\/p>\n\n\n\n<p>Da fallen K\u00f6pfe, Glieder und was sonst ins feuchte Gras sich bettet.<br>Wer nur verletzt dort liegenbleibt, der wird nicht mehr gerettet.<br>Auch wenn sich noch bewegen Bein und Kopf und Arm,<br>ein kurzer Blick gen\u00fcgt, ein letzter Streich, das Blut, das ist noch warm.<\/p>\n\n\n\n<p>Ich bin ein wahrer Meister meines Fachs und in der Kunst des Minimierens,<br>und achte nicht, ob stark, ob schwach, beim Werk des Dezimierens.<br>Und wenn ich fertig bin, so ist um mich ein einzig\u2019 gro\u00dfes Grab.<br>Dann zieh ich meine Stiefel aus und stell den Rasenm\u00e4her ab.<\/p>\n<\/blockquote>\n\n\n\n<figure class=\"wp-block-image size-full\"><a href=\"http:\/\/www.verdichtet.at\/wp-content\/uploads\/2025\/08\/schnitter_350.jpg\"><img loading=\"lazy\" decoding=\"async\" width=\"350\" height=\"519\" src=\"http:\/\/www.verdichtet.at\/wp-content\/uploads\/2025\/08\/schnitter_350.jpg\" alt=\"Copyright: Norbert Johannes Prenner\" class=\"wp-image-20657\" srcset=\"https:\/\/www.verdichtet.at\/wp-content\/uploads\/2025\/08\/schnitter_350.jpg 350w, https:\/\/www.verdichtet.at\/wp-content\/uploads\/2025\/08\/schnitter_350-202x300.jpg 202w\" sizes=\"auto, (max-width: 350px) 100vw, 350px\" \/><\/a><figcaption class=\"wp-element-caption\">Copyright: Norbert Johannes Prenner<\/figcaption><\/figure>\n\n\n\n<p class=\"has-text-align-right\">Norbert Johannes Prenner (Text und Grafik)<\/p>\n\n\n\n<p class=\"has-text-align-right\">www.verdichtet.at | Kategorie: <a href=\"http:\/\/www.verdichtet.at\/?page_id=972\">\u00e4rgstens<\/a> | Inventarnummer: 25179<\/p>\n","protected":false},"excerpt":{"rendered":"<p>Ich bin der Schnitter, der hei\u00dft Tod! Und alle f\u00fcrchten meine Klinge.Zu jeder Tageszeit bereit, auf dass sie in die K\u00f6rper dringe.Mir ist der Abend grad so lieb als wie der Morgen.Und wer sich in den Weg mir stellt, der hat nie wieder Sorgen.Wer liegen bleibt, ist selber schuld, er h\u00e4tte fliehen k\u00f6nnen.Der meinen Motor [&hellip;]<\/p>\n","protected":false},"author":4,"featured_media":0,"comment_status":"open","ping_status":"open","sticky":false,"template":"","format":"standard","meta":{"footnotes":""},"categories":[79],"tags":[57],"class_list":["post-20658","post","type-post","status-publish","format-standard","hentry","category-prenner-norbert-johannes","tag-aergstens"],"_links":{"self":[{"href":"https:\/\/www.verdichtet.at\/index.php?rest_route=\/wp\/v2\/posts\/20658","targetHints":{"allow":["GET"]}}],"collection":[{"href":"https:\/\/www.verdichtet.at\/index.php?rest_route=\/wp\/v2\/posts"}],"about":[{"href":"https:\/\/www.verdichtet.at\/index.php?rest_route=\/wp\/v2\/types\/post"}],"author":[{"embeddable":true,"href":"https:\/\/www.verdichtet.at\/index.php?rest_route=\/wp\/v2\/users\/4"}],"replies":[{"embeddable":true,"href":"https:\/\/www.verdichtet.at\/index.php?rest_route=%2Fwp%2Fv2%2Fcomments&post=20658"}],"version-history":[{"count":2,"href":"https:\/\/www.verdichtet.at\/index.php?rest_route=\/wp\/v2\/posts\/20658\/revisions"}],"predecessor-version":[{"id":20660,"href":"https:\/\/www.verdichtet.at\/index.php?rest_route=\/wp\/v2\/posts\/20658\/revisions\/20660"}],"wp:attachment":[{"href":"https:\/\/www.verdichtet.at\/index.php?rest_route=%2Fwp%2Fv2%2Fmedia&parent=20658"}],"wp:term":[{"taxonomy":"category","embeddable":true,"href":"https:\/\/www.verdichtet.at\/index.php?rest_route=%2Fwp%2Fv2%2Fcategories&post=20658"},{"taxonomy":"post_tag","embeddable":true,"href":"https:\/\/www.verdichtet.at\/index.php?rest_route=%2Fwp%2Fv2%2Ftags&post=20658"}],"curies":[{"name":"wp","href":"https:\/\/api.w.org\/{rel}","templated":true}]}}