{"id":20527,"date":"2025-07-27T13:32:58","date_gmt":"2025-07-27T13:32:58","guid":{"rendered":"https:\/\/www.verdichtet.at\/?p=20527"},"modified":"2025-08-03T13:15:10","modified_gmt":"2025-08-03T13:15:10","slug":"heimat-fremde-heimat","status":"publish","type":"post","link":"https:\/\/www.verdichtet.at\/?p=20527","title":{"rendered":"Heimat, fremde Heimat"},"content":{"rendered":"<div class=\"pdfprnt-buttons pdfprnt-buttons-post pdfprnt-top-right\"><a href=\"https:\/\/www.verdichtet.at\/index.php?rest_route=wpv2posts20527&print=pdf\" class=\"pdfprnt-button pdfprnt-button-pdf\" target=\"_blank\"><\/a><a href=\"https:\/\/www.verdichtet.at\/index.php?rest_route=wpv2posts20527&print=print\" class=\"pdfprnt-button pdfprnt-button-print\" target=\"_blank\"><\/a><\/div>\n<blockquote class=\"wp-block-quote is-layout-flow wp-block-quote-is-layout-flow\">\n<p>Ich wusst\u2019 mir eine Heimat,<br>da wo die Sonne w\u00e4rmt\u2019 das Herz.<br>Da wo die Bl\u00e4tter des Parteibuchs<br>rauschten, damals, an jenem Tag im M\u00e4rz.<\/p>\n\n\n\n<p>Da wo die Lehrer und die Pfaffen<br>sich laut ins F\u00e4ustchen lachten, hell!<br>Da wo die Wunden offen klafften,<br>streuten Salz sie drauf, und das ganz schnell.<\/p>\n\n\n\n<p>Die Leut\u2019 m\u00fcssten erzogen werden,<br>sonst wird aus ihnen sicher nichts.<br>Der Pr\u00fcgel macht folgsam die Herden.<br>Des F\u00fchrers Ruf. Des Todes, angesichts.<\/p>\n\n\n\n<p>Die Hand erhoben, wird gegr\u00fc\u00dft.<br>Tut\u2019s wer nicht gleich, ich sag, der b\u00fc\u00dft!<br>Die Sippe haftet mir, auf Ehr\u2019!<br>Den Kerker bewacht das Maschinengewehr!<\/p>\n\n\n\n<p>Wer nicht mit ihnen, der war dagegen.<br>Solche Leut\u2019 kannte man gleich,<br>Die lie\u00df man steh\u2019n, bei Nacht, im Regen.<br>Verfolgt. Und durch Enteignung wurd\u2019 man reich.<\/p>\n\n\n\n<p>Ich wusst\u2019 mir eine Heimat,<br>da wo noch Kindheitstr\u00e4ume lebten,<br>vor Sehnsucht, nach dem Eichenblatt.<br>Wo Blut und Untaten an H\u00e4nden klebten.<\/p>\n\n\n\n<p>Wo der, der sich dagegen wehrt\u2019,<br>der B\u00f6se war, und nicht geehrt.<br>Die wahren Helden war\u2019n die T\u00e4ter.<br>Der Mann im Widerstand \u2013 Verr\u00e4ter!<\/p>\n\n\n\n<p>Da wo der Nachbar einstmals auf uns schoss.<br>Immer noch Nachbarn. Jetzt sind wir gro\u00df<br>und \u00fcben leis\u2019 die Kunst \u00fcbers Vergessen.<br>Was damals war, mag man heut\u2019 kaum ermessen.<\/p>\n\n\n\n<p>Da wo die Hoffnung nie vergeht,<br>wei\u00df ich mir eine Heimat.<br>Auch wenn das Wort f\u00fcr etwas steht,<br>das damit nichts gemein hat.<br>Ist manchmal nah und manchmal weit entfernt.<br>In meinem Herzen trag ich sie.<br>So hab ich es gelernt.<\/p>\n\n\n\n<p class=\"has-text-align-right\">&nbsp;(Im Gedenken an meinen Vater)<\/p>\n<\/blockquote>\n\n\n\n<blockquote class=\"wp-block-quote is-layout-flow wp-block-quote-is-layout-flow\"><div class=\"wp-block-image\">\n<figure class=\"aligncenter size-full\"><a href=\"http:\/\/www.verdichtet.at\/wp-content\/uploads\/2025\/07\/heimat.jpg\"><img loading=\"lazy\" decoding=\"async\" width=\"270\" height=\"600\" src=\"http:\/\/www.verdichtet.at\/wp-content\/uploads\/2025\/07\/heimat.jpg\" alt=\"Copyright: Norbert Johannes Prenner\" class=\"wp-image-20531\" srcset=\"https:\/\/www.verdichtet.at\/wp-content\/uploads\/2025\/07\/heimat.jpg 270w, https:\/\/www.verdichtet.at\/wp-content\/uploads\/2025\/07\/heimat-135x300.jpg 135w\" sizes=\"auto, (max-width: 270px) 100vw, 270px\" \/><\/a><figcaption class=\"wp-element-caption\">Copyright: Norbert Johannes Prenner<\/figcaption><\/figure><\/div><\/blockquote>\n\n\n\n<p class=\"has-text-align-right\">Norbert Johannes Prenner (Text und Grafik)<\/p>\n\n\n\n<p class=\"has-text-align-right\">www.verdichtet.at | Kategorie: <a href=\"http:\/\/www.verdichtet.at\/?page_id=972\">\u00e4rgstens<\/a> | Inventarnummer: 25146<\/p>\n","protected":false},"excerpt":{"rendered":"<p>Ich wusst\u2019 mir eine Heimat,da wo die Sonne w\u00e4rmt\u2019 das Herz.Da wo die Bl\u00e4tter des Parteibuchsrauschten, damals, an jenem Tag im M\u00e4rz. Da wo die Lehrer und die Pfaffensich laut ins F\u00e4ustchen lachten, hell!Da wo die Wunden offen klafften,streuten Salz sie drauf, und das ganz schnell. Die Leut\u2019 m\u00fcssten erzogen werden,sonst wird aus ihnen sicher [&hellip;]<\/p>\n","protected":false},"author":4,"featured_media":0,"comment_status":"open","ping_status":"open","sticky":false,"template":"","format":"standard","meta":{"footnotes":""},"categories":[79],"tags":[57],"class_list":["post-20527","post","type-post","status-publish","format-standard","hentry","category-prenner-norbert-johannes","tag-aergstens"],"_links":{"self":[{"href":"https:\/\/www.verdichtet.at\/index.php?rest_route=\/wp\/v2\/posts\/20527","targetHints":{"allow":["GET"]}}],"collection":[{"href":"https:\/\/www.verdichtet.at\/index.php?rest_route=\/wp\/v2\/posts"}],"about":[{"href":"https:\/\/www.verdichtet.at\/index.php?rest_route=\/wp\/v2\/types\/post"}],"author":[{"embeddable":true,"href":"https:\/\/www.verdichtet.at\/index.php?rest_route=\/wp\/v2\/users\/4"}],"replies":[{"embeddable":true,"href":"https:\/\/www.verdichtet.at\/index.php?rest_route=%2Fwp%2Fv2%2Fcomments&post=20527"}],"version-history":[{"count":3,"href":"https:\/\/www.verdichtet.at\/index.php?rest_route=\/wp\/v2\/posts\/20527\/revisions"}],"predecessor-version":[{"id":20534,"href":"https:\/\/www.verdichtet.at\/index.php?rest_route=\/wp\/v2\/posts\/20527\/revisions\/20534"}],"wp:attachment":[{"href":"https:\/\/www.verdichtet.at\/index.php?rest_route=%2Fwp%2Fv2%2Fmedia&parent=20527"}],"wp:term":[{"taxonomy":"category","embeddable":true,"href":"https:\/\/www.verdichtet.at\/index.php?rest_route=%2Fwp%2Fv2%2Fcategories&post=20527"},{"taxonomy":"post_tag","embeddable":true,"href":"https:\/\/www.verdichtet.at\/index.php?rest_route=%2Fwp%2Fv2%2Ftags&post=20527"}],"curies":[{"name":"wp","href":"https:\/\/api.w.org\/{rel}","templated":true}]}}