{"id":20249,"date":"2025-06-21T16:14:01","date_gmt":"2025-06-21T16:14:01","guid":{"rendered":"http:\/\/www.verdichtet.at\/?p=20249"},"modified":"2025-06-28T14:10:13","modified_gmt":"2025-06-28T14:10:13","slug":"jugendgewalt","status":"publish","type":"post","link":"https:\/\/www.verdichtet.at\/?p=20249","title":{"rendered":"Jugendgewalt"},"content":{"rendered":"<div class=\"pdfprnt-buttons pdfprnt-buttons-post pdfprnt-top-right\"><a href=\"https:\/\/www.verdichtet.at\/index.php?rest_route=wpv2posts20249&print=pdf\" class=\"pdfprnt-button pdfprnt-button-pdf\" target=\"_blank\"><\/a><a href=\"https:\/\/www.verdichtet.at\/index.php?rest_route=wpv2posts20249&print=print\" class=\"pdfprnt-button pdfprnt-button-print\" target=\"_blank\"><\/a><\/div><blockquote><p>Du meinst, Jugendgewalt ist m\u00e4nnlich?<br \/>\nNa klar, sieht ihnen wieder \u00e4hnlich.<br \/>\nAm h\u00e4ufigsten sind es oft Knaben,<br \/>\ndie Probleme mit dem Ego haben.<\/p>\n<p>Sie sind am st\u00e4rksten, wie man meint,<br \/>\ngruppendynamisch, wenn vereint.<\/p>\n<p>Es lernt ein Junge von der Pike<br \/>\nden Unsinn rasch von seiner Clique.<br \/>\nDoch Einzelg\u00e4nger, ich sag\u2019s ehrlich,<br \/>\nscheinen mir nicht ungef\u00e4hrlich.<\/p>\n<p>Und eines ist wohl allen gleich,<br \/>\nim \u00d6ffentlichen liegt ihr Reich.<br \/>\nIm H\u00e4uslichen begeh\u2019n die Alten<br \/>\nganz unbemerkt ihre Gewalten.<\/p>\n<p>Angst vor denen haben Frauen,<br \/>\n\u00c4ltere werd\u2019n kaum verhauen.<br \/>\nDie Jugend sucht nach ihrem Opfer,<br \/>\nmeist unter sich. Hab\u2019n die \u2018nen Klopfer?<\/p>\n<p>Und wo des Vaters Ohrfeig\u2019 knallt,<br \/>\nliegt oft der Ursprung der Gewalt.<br \/>\nFamilienleben dissonant,<br \/>\nJugend au\u00dfer Rand und Band.<\/p>\n<p>In der Schule nur als Gast,<br \/>\nb\u00fcrgt im Leben leicht f\u00fcr Knast.<br \/>\nAggressiv und abnormal,<br \/>\nerh\u00f6ht die Delinquentenzahl.<\/p>\n<p>Mehrfacht\u00e4ter schaffen leicht,<br \/>\nwas so f\u00fcr die Statistik reicht.<br \/>\nIn Lebenswelten, schwach erhellten,<br \/>\nGewalttaten, die dort oft gelten.<\/p>\n<p>Nur allzu gro\u00df ist jene Kluft,<br \/>\ndie Arm und Reich daneben schuf.<br \/>\nWas kann aus armen Schluckern werden,<br \/>\nbei dieser Konkurrenz auf Erden?<br \/>\nDie Schlinge zieht sich eng zusammen,<br \/>\nbleibt wohl nur eins, sie wegzurammen.<\/p>\n<div id=\"attachment_20251\" style=\"width: 510px\" class=\"wp-caption aligncenter\"><a href=\"http:\/\/www.verdichtet.at\/wp-content\/uploads\/2025\/06\/jugendgewalt_500.jpg\"><img loading=\"lazy\" decoding=\"async\" aria-describedby=\"caption-attachment-20251\" class=\"size-full wp-image-20251\" src=\"http:\/\/www.verdichtet.at\/wp-content\/uploads\/2025\/06\/jugendgewalt_500.jpg\" alt=\"Copyright: Norbert Johannes Prenner\" width=\"500\" height=\"689\" srcset=\"https:\/\/www.verdichtet.at\/wp-content\/uploads\/2025\/06\/jugendgewalt_500.jpg 500w, https:\/\/www.verdichtet.at\/wp-content\/uploads\/2025\/06\/jugendgewalt_500-218x300.jpg 218w\" sizes=\"auto, (max-width: 500px) 100vw, 500px\" \/><\/a><p id=\"caption-attachment-20251\" class=\"wp-caption-text\">Copyright: Norbert Johannes Prenner<\/p><\/div><\/blockquote>\n<p style=\"text-align: right;\">Norbert Johannes Prenner (Text und Grafik)<\/p>\n<p style=\"text-align: right;\">www.verdichtet.at | Kategorie: <a href=\"http:\/\/www.verdichtet.at\/?page_id=972\">\u00e4rgstens<\/a> | Inventarnummer: 25128<\/p>\n<p>&nbsp;<\/p>\n","protected":false},"excerpt":{"rendered":"<p>Du meinst, Jugendgewalt ist m\u00e4nnlich? Na klar, sieht ihnen wieder \u00e4hnlich. Am h\u00e4ufigsten sind es oft Knaben, die Probleme mit dem Ego haben. Sie sind am st\u00e4rksten, wie man meint, gruppendynamisch, wenn vereint. Es lernt ein Junge von der Pike den Unsinn rasch von seiner Clique. Doch Einzelg\u00e4nger, ich sag\u2019s ehrlich, scheinen mir nicht ungef\u00e4hrlich. [&hellip;]<\/p>\n","protected":false},"author":4,"featured_media":0,"comment_status":"open","ping_status":"open","sticky":false,"template":"","format":"standard","meta":{"footnotes":""},"categories":[79],"tags":[57],"class_list":["post-20249","post","type-post","status-publish","format-standard","hentry","category-prenner-norbert-johannes","tag-aergstens"],"_links":{"self":[{"href":"https:\/\/www.verdichtet.at\/index.php?rest_route=\/wp\/v2\/posts\/20249","targetHints":{"allow":["GET"]}}],"collection":[{"href":"https:\/\/www.verdichtet.at\/index.php?rest_route=\/wp\/v2\/posts"}],"about":[{"href":"https:\/\/www.verdichtet.at\/index.php?rest_route=\/wp\/v2\/types\/post"}],"author":[{"embeddable":true,"href":"https:\/\/www.verdichtet.at\/index.php?rest_route=\/wp\/v2\/users\/4"}],"replies":[{"embeddable":true,"href":"https:\/\/www.verdichtet.at\/index.php?rest_route=%2Fwp%2Fv2%2Fcomments&post=20249"}],"version-history":[{"count":4,"href":"https:\/\/www.verdichtet.at\/index.php?rest_route=\/wp\/v2\/posts\/20249\/revisions"}],"predecessor-version":[{"id":20254,"href":"https:\/\/www.verdichtet.at\/index.php?rest_route=\/wp\/v2\/posts\/20249\/revisions\/20254"}],"wp:attachment":[{"href":"https:\/\/www.verdichtet.at\/index.php?rest_route=%2Fwp%2Fv2%2Fmedia&parent=20249"}],"wp:term":[{"taxonomy":"category","embeddable":true,"href":"https:\/\/www.verdichtet.at\/index.php?rest_route=%2Fwp%2Fv2%2Fcategories&post=20249"},{"taxonomy":"post_tag","embeddable":true,"href":"https:\/\/www.verdichtet.at\/index.php?rest_route=%2Fwp%2Fv2%2Ftags&post=20249"}],"curies":[{"name":"wp","href":"https:\/\/api.w.org\/{rel}","templated":true}]}}