{"id":15711,"date":"2023-03-26T08:22:48","date_gmt":"2023-03-26T08:22:48","guid":{"rendered":"http:\/\/www.verdichtet.at\/?p=15711"},"modified":"2023-10-28T15:18:21","modified_gmt":"2023-10-28T15:18:21","slug":"meine-freundin-gerti","status":"publish","type":"post","link":"https:\/\/www.verdichtet.at\/?p=15711","title":{"rendered":"Meine Freundin Gerti"},"content":{"rendered":"<div class=\"pdfprnt-buttons pdfprnt-buttons-post pdfprnt-top-right\"><a href=\"https:\/\/www.verdichtet.at\/index.php?rest_route=wpv2posts15711&print=pdf\" class=\"pdfprnt-button pdfprnt-button-pdf\" target=\"_blank\"><\/a><a href=\"https:\/\/www.verdichtet.at\/index.php?rest_route=wpv2posts15711&print=print\" class=\"pdfprnt-button pdfprnt-button-print\" target=\"_blank\"><\/a><\/div><p>Nach langer Zeit besuche ich wieder meine alte Freundin Gerti. Sie ist mehrmals umgezogen, seit wir uns das letzte Mal sahen. \u201eSch\u00f6n, dass du hier bist, Christa\u201c, sagt sie zur Begr\u00fc\u00dfung. Sie wirkt kaum gealtert. W\u00e4hrend wir Kaffee trinken und Cremeschnitte essen, kommen wir auf das Thema Suizid. Ich wei\u00df nicht, wer von uns es angesprochen hat. \u201eF\u00fcr mich ist das kein gangbarer Weg\u201c, sage ich. \u201eDu hast ja auch einen netten Mann, wohlgeratene Kinder und genug Geld. Warst du denn jemals in einer Notsituation?\u201c, fragt sie. \u201eManche kleine Katastrophen machte ich schon mit\u201c, erwidere ich. \u201eAber du bist immer durchgetaucht, und als du Luft geholt hast, war das meiste wieder gut. Bei mir sieht es anders aus\u201c, erz\u00e4hlt sie. \u201eDas erste Mal versuchte ich, durch Schlaftabletten mein Leben zu verlassen. Das klappte aber nicht.\u201c \u201eUnd?\u201c, frage ich. \u201eDas zweite Mal sprang ich aus dem 11. Stock des Rothauer Hochhauses.\u201c \u201eJa?\u201c, frage ich. \u201eEs hat funktioniert\u201c, sagt Gerti. Sie l\u00e4chelt.<\/p>\n<p>Nun beginnt der Raum sich zu drehen. Zuerst verschwinden kleine Dinge, dann M\u00f6bel und zum Schluss meine Freundin Gerti.<\/p>\n<div id=\"attachment_15710\" style=\"width: 610px\" class=\"wp-caption aligncenter\"><a href=\"http:\/\/www.verdichtet.at\/wp-content\/uploads\/2023\/03\/Der-beleuchtete-Gevatter-Tod-in-der-Novembernacht.jpg\"><img loading=\"lazy\" decoding=\"async\" aria-describedby=\"caption-attachment-15710\" class=\"size-full wp-image-15710\" src=\"http:\/\/www.verdichtet.at\/wp-content\/uploads\/2023\/03\/Der-beleuchtete-Gevatter-Tod-in-der-Novembernacht.jpg\" alt=\"Der beleuchtete Gevatter Tod in der Novembernacht\" width=\"600\" height=\"400\" srcset=\"https:\/\/www.verdichtet.at\/wp-content\/uploads\/2023\/03\/Der-beleuchtete-Gevatter-Tod-in-der-Novembernacht.jpg 600w, https:\/\/www.verdichtet.at\/wp-content\/uploads\/2023\/03\/Der-beleuchtete-Gevatter-Tod-in-der-Novembernacht-300x200.jpg 300w\" sizes=\"auto, (max-width: 600px) 100vw, 600px\" \/><\/a><p id=\"caption-attachment-15710\" class=\"wp-caption-text\">Der beleuchtete Gevatter Tod in der Novembernacht<\/p><\/div>\n<p style=\"text-align: right;\">Johannes Tosin<br \/>\n(Text und Bild)<\/p>\n<p style=\"text-align: right;\">www.verdichtet.at | Kategorie: <a href=\"http:\/\/www.verdichtet.at\/?page_id=972\">\u00e4rgstens<\/a> | Inventarnummer: 23089<\/p>\n","protected":false},"excerpt":{"rendered":"<p>Nach langer Zeit besuche ich wieder meine alte Freundin Gerti. Sie ist mehrmals umgezogen, seit wir uns das letzte Mal sahen. \u201eSch\u00f6n, dass du hier bist, Christa\u201c, sagt sie zur Begr\u00fc\u00dfung. Sie wirkt kaum gealtert. W\u00e4hrend wir Kaffee trinken und Cremeschnitte essen, kommen wir auf das Thema Suizid. Ich wei\u00df nicht, wer von uns es [&hellip;]<\/p>\n","protected":false},"author":4,"featured_media":0,"comment_status":"open","ping_status":"open","sticky":false,"template":"","format":"standard","meta":{"footnotes":""},"categories":[117],"tags":[57],"class_list":["post-15711","post","type-post","status-publish","format-standard","hentry","category-tosin-johannes","tag-aergstens"],"_links":{"self":[{"href":"https:\/\/www.verdichtet.at\/index.php?rest_route=\/wp\/v2\/posts\/15711","targetHints":{"allow":["GET"]}}],"collection":[{"href":"https:\/\/www.verdichtet.at\/index.php?rest_route=\/wp\/v2\/posts"}],"about":[{"href":"https:\/\/www.verdichtet.at\/index.php?rest_route=\/wp\/v2\/types\/post"}],"author":[{"embeddable":true,"href":"https:\/\/www.verdichtet.at\/index.php?rest_route=\/wp\/v2\/users\/4"}],"replies":[{"embeddable":true,"href":"https:\/\/www.verdichtet.at\/index.php?rest_route=%2Fwp%2Fv2%2Fcomments&post=15711"}],"version-history":[{"count":2,"href":"https:\/\/www.verdichtet.at\/index.php?rest_route=\/wp\/v2\/posts\/15711\/revisions"}],"predecessor-version":[{"id":15713,"href":"https:\/\/www.verdichtet.at\/index.php?rest_route=\/wp\/v2\/posts\/15711\/revisions\/15713"}],"wp:attachment":[{"href":"https:\/\/www.verdichtet.at\/index.php?rest_route=%2Fwp%2Fv2%2Fmedia&parent=15711"}],"wp:term":[{"taxonomy":"category","embeddable":true,"href":"https:\/\/www.verdichtet.at\/index.php?rest_route=%2Fwp%2Fv2%2Fcategories&post=15711"},{"taxonomy":"post_tag","embeddable":true,"href":"https:\/\/www.verdichtet.at\/index.php?rest_route=%2Fwp%2Fv2%2Ftags&post=15711"}],"curies":[{"name":"wp","href":"https:\/\/api.w.org\/{rel}","templated":true}]}}