{"id":15541,"date":"2023-02-18T17:40:35","date_gmt":"2023-02-18T17:40:35","guid":{"rendered":"http:\/\/www.verdichtet.at\/?p=15541"},"modified":"2023-02-24T07:06:14","modified_gmt":"2023-02-24T07:06:14","slug":"war","status":"publish","type":"post","link":"https:\/\/www.verdichtet.at\/?p=15541","title":{"rendered":"War"},"content":{"rendered":"<div class=\"pdfprnt-buttons pdfprnt-buttons-post pdfprnt-top-right\"><a href=\"https:\/\/www.verdichtet.at\/index.php?rest_route=wpv2posts15541&print=pdf\" class=\"pdfprnt-button pdfprnt-button-pdf\" target=\"_blank\"><\/a><a href=\"https:\/\/www.verdichtet.at\/index.php?rest_route=wpv2posts15541&print=print\" class=\"pdfprnt-button pdfprnt-button-print\" target=\"_blank\"><\/a><\/div><blockquote><p>Im Krieg.<br \/>\nTr\u00e4nen rinnen \u00fcber sein Gesicht,<br \/>\nnass ist es wie von Wasser.<br \/>\nUnd doch, schnell, fl\u00fcchten oder schie\u00dfen.<br \/>\n\u00dcberleben f\u00fcr diese Sekunde.<br \/>\nDie n\u00e4chste vielleicht nicht mehr.<\/p><\/blockquote>\n<div id=\"attachment_15543\" style=\"width: 610px\" class=\"wp-caption aligncenter\"><a href=\"http:\/\/www.verdichtet.at\/wp-content\/uploads\/2023\/02\/Dies-bringt-Tod-und-Verderben-auf-die-herk\u00f6mmliche-Weise.jpg\"><img loading=\"lazy\" decoding=\"async\" aria-describedby=\"caption-attachment-15543\" class=\"size-full wp-image-15543\" src=\"http:\/\/www.verdichtet.at\/wp-content\/uploads\/2023\/02\/Dies-bringt-Tod-und-Verderben-auf-die-herk\u00f6mmliche-Weise.jpg\" alt=\"Dies bringt Tod und Verderben auf die herk\u00f6mmliche Weise\" width=\"600\" height=\"307\" srcset=\"https:\/\/www.verdichtet.at\/wp-content\/uploads\/2023\/02\/Dies-bringt-Tod-und-Verderben-auf-die-herk\u00f6mmliche-Weise.jpg 600w, https:\/\/www.verdichtet.at\/wp-content\/uploads\/2023\/02\/Dies-bringt-Tod-und-Verderben-auf-die-herk\u00f6mmliche-Weise-300x154.jpg 300w\" sizes=\"auto, (max-width: 600px) 100vw, 600px\" \/><\/a><p id=\"caption-attachment-15543\" class=\"wp-caption-text\">Dies bringt Tod und Verderben auf die herk\u00f6mmliche Weise<\/p><\/div>\n<p style=\"text-align: right;\">Johannes Tosin<br \/>\n(Text und Bild)<\/p>\n<p style=\"text-align: right;\">www.verdichtet.at | Kategorie: <a href=\"http:\/\/www.verdichtet.at\/?page_id=972\">\u00e4rgstens<\/a> | Inventarnummer: 23077<\/p>\n","protected":false},"excerpt":{"rendered":"<p>Im Krieg. Tr\u00e4nen rinnen \u00fcber sein Gesicht, nass ist es wie von Wasser. Und doch, schnell, fl\u00fcchten oder schie\u00dfen. \u00dcberleben f\u00fcr diese Sekunde. Die n\u00e4chste vielleicht nicht mehr. Johannes Tosin (Text und Bild) www.verdichtet.at | Kategorie: \u00e4rgstens | Inventarnummer: 23077<\/p>\n","protected":false},"author":4,"featured_media":0,"comment_status":"open","ping_status":"open","sticky":false,"template":"","format":"standard","meta":{"footnotes":""},"categories":[117],"tags":[57],"class_list":["post-15541","post","type-post","status-publish","format-standard","hentry","category-tosin-johannes","tag-aergstens"],"_links":{"self":[{"href":"https:\/\/www.verdichtet.at\/index.php?rest_route=\/wp\/v2\/posts\/15541","targetHints":{"allow":["GET"]}}],"collection":[{"href":"https:\/\/www.verdichtet.at\/index.php?rest_route=\/wp\/v2\/posts"}],"about":[{"href":"https:\/\/www.verdichtet.at\/index.php?rest_route=\/wp\/v2\/types\/post"}],"author":[{"embeddable":true,"href":"https:\/\/www.verdichtet.at\/index.php?rest_route=\/wp\/v2\/users\/4"}],"replies":[{"embeddable":true,"href":"https:\/\/www.verdichtet.at\/index.php?rest_route=%2Fwp%2Fv2%2Fcomments&post=15541"}],"version-history":[{"count":4,"href":"https:\/\/www.verdichtet.at\/index.php?rest_route=\/wp\/v2\/posts\/15541\/revisions"}],"predecessor-version":[{"id":15546,"href":"https:\/\/www.verdichtet.at\/index.php?rest_route=\/wp\/v2\/posts\/15541\/revisions\/15546"}],"wp:attachment":[{"href":"https:\/\/www.verdichtet.at\/index.php?rest_route=%2Fwp%2Fv2%2Fmedia&parent=15541"}],"wp:term":[{"taxonomy":"category","embeddable":true,"href":"https:\/\/www.verdichtet.at\/index.php?rest_route=%2Fwp%2Fv2%2Fcategories&post=15541"},{"taxonomy":"post_tag","embeddable":true,"href":"https:\/\/www.verdichtet.at\/index.php?rest_route=%2Fwp%2Fv2%2Ftags&post=15541"}],"curies":[{"name":"wp","href":"https:\/\/api.w.org\/{rel}","templated":true}]}}