{"id":14596,"date":"2026-04-25T14:50:00","date_gmt":"2026-04-25T14:50:00","guid":{"rendered":"http:\/\/www.verdichtet.at\/?p=14596"},"modified":"2026-04-26T13:26:54","modified_gmt":"2026-04-26T13:26:54","slug":"bisher-auf-verdichtet-at-zu-finden-66","status":"publish","type":"post","link":"https:\/\/www.verdichtet.at\/?p=14596","title":{"rendered":"Autorinneninfos und Liste der Ver\u00f6ffentlichungen auf verdichtet.at"},"content":{"rendered":"<div class=\"pdfprnt-buttons pdfprnt-buttons-post pdfprnt-top-right\"><a href=\"https:\/\/www.verdichtet.at\/index.php?rest_route=wpv2posts14596&print=pdf\" class=\"pdfprnt-button pdfprnt-button-pdf\" target=\"_blank\"><\/a><a href=\"https:\/\/www.verdichtet.at\/index.php?rest_route=wpv2posts14596&print=print\" class=\"pdfprnt-button pdfprnt-button-print\" target=\"_blank\"><\/a><\/div><p>Aktuelle B\u00fccher mit Bestellm\u00f6glichkeit:<br \/>\n\u201e<a href=\"https:\/\/buchshop.bod.de\/barfuss-durch-dein-herz-claudia-lueer-9783757818807\" target=\"_blank\" rel=\"noopener\">Barfu\u00df durch dein Herz<\/a>\u201c (2023, BoD-Verlag)<br \/>\n\u201e<a href=\"https:\/\/schreibenmitherz.de\/gedichte\/\" target=\"_blank\" rel=\"noopener\">Barfu\u00df durch dein Herz, Band 2<\/a>\u201c (2026, BoD-Verlag)<\/p>\n<p>Webseite: <a href=\"https:\/\/schreibenmitherz.de\/\" target=\"_blank\" rel=\"noopener\">https:\/\/schreibenmitherz.de\/<\/a>, <a href=\"https:\/\/www.ui-deref.de\/r\/?to=https:\/\/schreibenmitherz.de\/gedichte\/&amp;tt1=Tre9oLIGAedPN-PPTSlc5grnXQrFzUaLPYvLS05D-ug5CO5puXjuaSq5-v-3o7k_pCKd_9lolH0OQjuaWVkZACoyLtA00TVfmBMrZ3rBLhl\" target=\"_blank\" rel=\"noopener\" data-href=\"https:\/\/schreibenmitherz.de\/gedichte\/\">https:\/\/schreibenmitherz.de\/gedichte\/<\/a><\/p>\n<p>Newsletter: <a href=\"https:\/\/www.ui-deref.de\/r\/?to=https:\/\/schreibenmitherz.de\/newsletter\/&amp;tt1=luPQjKwcmCXHUmW7oVGszmiET40YBIrn2MoM8rfeXKw5CO5puXjuaUwZspcUAEI-LGy-stEGfk4OQjuaWVkZACoyLtA00TVfmBMrZ3rBLhl\" target=\"_blank\" rel=\"noopener\" data-href=\"https:\/\/schreibenmitherz.de\/newsletter\/\">https:\/\/schreibenmitherz.de\/newsletter\/<\/a><\/p>\n<p>&nbsp;<\/p>\n<ul>\n<li><a href=\"http:\/\/www.verdichtet.at\/?p=14583\">Abschied<\/a><\/li>\n<li><a href=\"http:\/\/www.verdichtet.at\/?p=17371\">An den Tod<\/a><\/li>\n<li><a href=\"https:\/\/www.verdichtet.at\/?p=20971\">Atempause<\/a><\/li>\n<li><a href=\"http:\/\/www.verdichtet.at\/?p=19755\">Auszeit<\/a><\/li>\n<li><a href=\"https:\/\/www.verdichtet.at\/?p=22480\">Barfu\u00df durch dein Herz: F\u00fcr mein Kind<\/a><\/li>\n<li><a href=\"http:\/\/www.verdichtet.at\/?p=15714\">Das Blau in deinen Augen<\/a><\/li>\n<li><a href=\"http:\/\/www.verdichtet.at\/?p=19018\">Dialektik im Trauern<\/a><\/li>\n<li><a href=\"http:\/\/www.verdichtet.at\/?p=18289\">F\u00fcr einen letzten Moment<\/a><\/li>\n<li><a href=\"http:\/\/www.verdichtet.at\/?p=18879\">F\u00fcr mein Kind: Zur\u00fcck zu den Wurzeln gemeinsam mit dir<\/a><\/li>\n<li><a href=\"http:\/\/www.verdichtet.at\/?p=16697\">F\u00fcr meine Eltern<\/a><\/li>\n<li><a href=\"http:\/\/www.verdichtet.at\/?p=17847\">F\u00fcr meinen Vater \u2013 Liebeserkl\u00e4rung<\/a><\/li>\n<li><a href=\"http:\/\/www.verdichtet.at\/?p=14701\">Gegenwind<\/a><\/li>\n<li><a href=\"http:\/\/www.verdichtet.at\/?p=16873\">Gl\u00fccksmoment<\/a><\/li>\n<li><a href=\"https:\/\/www.verdichtet.at\/?p=20875\">Herzblut<\/a><\/li>\n<li><a href=\"http:\/\/www.verdichtet.at\/?p=15276\">Herzensmenschen<\/a><\/li>\n<li><a href=\"http:\/\/www.verdichtet.at\/?p=17211\">Ich vermiss dich so sehr<\/a><\/li>\n<li><a href=\"http:\/\/www.verdichtet.at\/?p=14916\">Ich will, dass alles so bleibt, wie es ist<\/a><\/li>\n<li><a href=\"http:\/\/www.verdichtet.at\/?p=14551\">Immer am Meer<\/a><\/li>\n<li><a href=\"http:\/\/www.verdichtet.at\/?p=17738\">Jetzt bist du Staub<\/a><\/li>\n<li><a href=\"http:\/\/www.verdichtet.at\/?p=16001\">Leben<\/a><\/li>\n<li><a href=\"http:\/\/www.verdichtet.at\/?p=14706\">Liebeshymne an meine Kinder<\/a><\/li>\n<li><a href=\"https:\/\/www.verdichtet.at\/?p=21493\">Narbenherz<\/a><\/li>\n<li><a href=\"http:\/\/www.verdichtet.at\/?p=19904\">Neues Licht<\/a><\/li>\n<li><a href=\"http:\/\/www.verdichtet.at\/?p=16551\">Nur noch einen Augenblick<\/a><\/li>\n<li><a href=\"https:\/\/www.verdichtet.at\/?p=20352\">Seelentanz<\/a><\/li>\n<li><a href=\"http:\/\/www.verdichtet.at\/?p=19463\">Sehnsuchtsvoll<\/a><\/li>\n<li><a href=\"http:\/\/www.verdichtet.at\/?p=16988\">Sterbender Moment<\/a><\/li>\n<li><a href=\"http:\/\/www.verdichtet.at\/?p=17540\">Unverhofft kommt der Tod<\/a><\/li>\n<li><a href=\"http:\/\/www.verdichtet.at\/?p=19672\">Verg\u00e4nglichkeit<\/a><\/li>\n<li><a href=\"http:\/\/www.verdichtet.at\/?p=15060\">Verlorene Seelen oder Der Mann im Mond<\/a><\/li>\n<li><a href=\"http:\/\/www.verdichtet.at\/?p=15602\">Von Zeit zu Zeit vermiss ich dich<\/a><\/li>\n<li><a href=\"http:\/\/www.verdichtet.at\/?p=18043\">Vorprogrammiertes Leid<\/a><\/li>\n<li><a href=\"http:\/\/www.verdichtet.at\/?p=19243\">Weihnacht<\/a><\/li>\n<li><a href=\"http:\/\/www.verdichtet.at\/?p=15930\">Wenn das Herz bricht<\/a><\/li>\n<li><a href=\"http:\/\/www.verdichtet.at\/?p=14646\">Wie Herr Zeitlos die Zeit wiederfand<\/a><\/li>\n<li><a href=\"http:\/\/www.verdichtet.at\/?p=14989\">Wieder Kind sein<\/a><\/li>\n<li><a href=\"http:\/\/www.verdichtet.at\/?p=15480\">Zur\u00fcck auf Start<\/a><\/li>\n<\/ul>\n","protected":false},"excerpt":{"rendered":"<p>Aktuelle B\u00fccher mit Bestellm\u00f6glichkeit: \u201eBarfu\u00df durch dein Herz\u201c (2023, BoD-Verlag) \u201eBarfu\u00df durch dein Herz, Band 2\u201c (2026, BoD-Verlag) Webseite: https:\/\/schreibenmitherz.de\/, https:\/\/schreibenmitherz.de\/gedichte\/ Newsletter: https:\/\/schreibenmitherz.de\/newsletter\/ &nbsp; Abschied An den Tod Atempause Auszeit Barfu\u00df durch dein Herz: F\u00fcr mein Kind Das Blau in deinen Augen Dialektik im Trauern F\u00fcr einen letzten Moment F\u00fcr mein Kind: Zur\u00fcck zu den [&hellip;]<\/p>\n","protected":false},"author":4,"featured_media":0,"comment_status":"closed","ping_status":"closed","sticky":false,"template":"","format":"standard","meta":{"footnotes":""},"categories":[170],"tags":[],"class_list":["post-14596","post","type-post","status-publish","format-standard","hentry","category-lueer-claudia"],"_links":{"self":[{"href":"https:\/\/www.verdichtet.at\/index.php?rest_route=\/wp\/v2\/posts\/14596","targetHints":{"allow":["GET"]}}],"collection":[{"href":"https:\/\/www.verdichtet.at\/index.php?rest_route=\/wp\/v2\/posts"}],"about":[{"href":"https:\/\/www.verdichtet.at\/index.php?rest_route=\/wp\/v2\/types\/post"}],"author":[{"embeddable":true,"href":"https:\/\/www.verdichtet.at\/index.php?rest_route=\/wp\/v2\/users\/4"}],"replies":[{"embeddable":true,"href":"https:\/\/www.verdichtet.at\/index.php?rest_route=%2Fwp%2Fv2%2Fcomments&post=14596"}],"version-history":[{"count":46,"href":"https:\/\/www.verdichtet.at\/index.php?rest_route=\/wp\/v2\/posts\/14596\/revisions"}],"predecessor-version":[{"id":22604,"href":"https:\/\/www.verdichtet.at\/index.php?rest_route=\/wp\/v2\/posts\/14596\/revisions\/22604"}],"wp:attachment":[{"href":"https:\/\/www.verdichtet.at\/index.php?rest_route=%2Fwp%2Fv2%2Fmedia&parent=14596"}],"wp:term":[{"taxonomy":"category","embeddable":true,"href":"https:\/\/www.verdichtet.at\/index.php?rest_route=%2Fwp%2Fv2%2Fcategories&post=14596"},{"taxonomy":"post_tag","embeddable":true,"href":"https:\/\/www.verdichtet.at\/index.php?rest_route=%2Fwp%2Fv2%2Ftags&post=14596"}],"curies":[{"name":"wp","href":"https:\/\/api.w.org\/{rel}","templated":true}]}}