{"id":14200,"date":"2022-06-11T16:25:29","date_gmt":"2022-06-11T16:25:29","guid":{"rendered":"http:\/\/www.verdichtet.at\/?p=14200"},"modified":"2022-06-18T13:06:43","modified_gmt":"2022-06-18T13:06:43","slug":"tag-101","status":"publish","type":"post","link":"https:\/\/www.verdichtet.at\/?p=14200","title":{"rendered":"Tag 101"},"content":{"rendered":"<div class=\"pdfprnt-buttons pdfprnt-buttons-post pdfprnt-top-right\"><a href=\"https:\/\/www.verdichtet.at\/index.php?rest_route=wpv2posts14200&print=pdf\" class=\"pdfprnt-button pdfprnt-button-pdf\" target=\"_blank\"><\/a><a href=\"https:\/\/www.verdichtet.at\/index.php?rest_route=wpv2posts14200&print=print\" class=\"pdfprnt-button pdfprnt-button-print\" target=\"_blank\"><\/a><\/div><p>Der Morgen ist sch\u00f6n, und der Tag wird noch sch\u00f6ner werden.<br \/>\nNichts st\u00f6rt, nichts tut weh, nichts ist schlecht.<\/p>\n<p>\u201e\u041e\u0431\u043b\u0430\u043a\u0430\u201c, gesprochen ablaka, wie die Russen sagen, bedeutet Himmel oder Wolken, \u201e\u043c\u0438\u0440\u201c, gesprochen mir, Friede.<\/p>\n<div id=\"attachment_14199\" style=\"width: 610px\" class=\"wp-caption aligncenter\"><a href=\"http:\/\/www.verdichtet.at\/wp-content\/uploads\/2022\/06\/Althofen-und-der-Himmel-darueber.jpg\"><img loading=\"lazy\" decoding=\"async\" aria-describedby=\"caption-attachment-14199\" class=\"size-full wp-image-14199\" src=\"http:\/\/www.verdichtet.at\/wp-content\/uploads\/2022\/06\/Althofen-und-der-Himmel-darueber.jpg\" alt=\"Althofen und der Himmel dar\u00fcber\" width=\"600\" height=\"409\" srcset=\"https:\/\/www.verdichtet.at\/wp-content\/uploads\/2022\/06\/Althofen-und-der-Himmel-darueber.jpg 600w, https:\/\/www.verdichtet.at\/wp-content\/uploads\/2022\/06\/Althofen-und-der-Himmel-darueber-300x205.jpg 300w\" sizes=\"auto, (max-width: 600px) 100vw, 600px\" \/><\/a><p id=\"caption-attachment-14199\" class=\"wp-caption-text\">Althofen und der Himmel dar\u00fcber<\/p><\/div>\n<p style=\"text-align: right;\">Johannes Tosin<br \/>\n(Text und Bild)<\/p>\n<p style=\"text-align: right;\">www.verdichtet.at | Kategorie: <a href=\"http:\/\/www.verdichtet.at\/?page_id=972\">\u00e4rgstens<\/a> | Inventarnummer: 22064<\/p>\n","protected":false},"excerpt":{"rendered":"<p>Der Morgen ist sch\u00f6n, und der Tag wird noch sch\u00f6ner werden. Nichts st\u00f6rt, nichts tut weh, nichts ist schlecht. \u201e\u041e\u0431\u043b\u0430\u043a\u0430\u201c, gesprochen ablaka, wie die Russen sagen, bedeutet Himmel oder Wolken, \u201e\u043c\u0438\u0440\u201c, gesprochen mir, Friede. Johannes Tosin (Text und Bild) www.verdichtet.at | Kategorie: \u00e4rgstens | Inventarnummer: 22064<\/p>\n","protected":false},"author":4,"featured_media":0,"comment_status":"open","ping_status":"open","sticky":false,"template":"","format":"standard","meta":{"footnotes":""},"categories":[117],"tags":[57],"class_list":["post-14200","post","type-post","status-publish","format-standard","hentry","category-tosin-johannes","tag-aergstens"],"_links":{"self":[{"href":"https:\/\/www.verdichtet.at\/index.php?rest_route=\/wp\/v2\/posts\/14200","targetHints":{"allow":["GET"]}}],"collection":[{"href":"https:\/\/www.verdichtet.at\/index.php?rest_route=\/wp\/v2\/posts"}],"about":[{"href":"https:\/\/www.verdichtet.at\/index.php?rest_route=\/wp\/v2\/types\/post"}],"author":[{"embeddable":true,"href":"https:\/\/www.verdichtet.at\/index.php?rest_route=\/wp\/v2\/users\/4"}],"replies":[{"embeddable":true,"href":"https:\/\/www.verdichtet.at\/index.php?rest_route=%2Fwp%2Fv2%2Fcomments&post=14200"}],"version-history":[{"count":2,"href":"https:\/\/www.verdichtet.at\/index.php?rest_route=\/wp\/v2\/posts\/14200\/revisions"}],"predecessor-version":[{"id":14213,"href":"https:\/\/www.verdichtet.at\/index.php?rest_route=\/wp\/v2\/posts\/14200\/revisions\/14213"}],"wp:attachment":[{"href":"https:\/\/www.verdichtet.at\/index.php?rest_route=%2Fwp%2Fv2%2Fmedia&parent=14200"}],"wp:term":[{"taxonomy":"category","embeddable":true,"href":"https:\/\/www.verdichtet.at\/index.php?rest_route=%2Fwp%2Fv2%2Fcategories&post=14200"},{"taxonomy":"post_tag","embeddable":true,"href":"https:\/\/www.verdichtet.at\/index.php?rest_route=%2Fwp%2Fv2%2Ftags&post=14200"}],"curies":[{"name":"wp","href":"https:\/\/api.w.org\/{rel}","templated":true}]}}