{"id":13997,"date":"2022-03-24T16:52:50","date_gmt":"2022-03-24T16:52:50","guid":{"rendered":"http:\/\/www.verdichtet.at\/?p=13997"},"modified":"2022-03-27T07:28:14","modified_gmt":"2022-03-27T07:28:14","slug":"die-vernichtung-der-menschheit","status":"publish","type":"post","link":"https:\/\/www.verdichtet.at\/?p=13997","title":{"rendered":"Die Vernichtung der Menschheit"},"content":{"rendered":"<div class=\"pdfprnt-buttons pdfprnt-buttons-post pdfprnt-top-right\"><a href=\"https:\/\/www.verdichtet.at\/index.php?rest_route=wpv2posts13997&print=pdf\" class=\"pdfprnt-button pdfprnt-button-pdf\" target=\"_blank\"><\/a><a href=\"https:\/\/www.verdichtet.at\/index.php?rest_route=wpv2posts13997&print=print\" class=\"pdfprnt-button pdfprnt-button-print\" target=\"_blank\"><\/a><\/div><blockquote><p>Vielleicht werde ich am 31. M\u00e4rz 2022, wenn die Atomraketen fliegen, denken: Ich h\u00e4tte etwas tun sollen.<br \/>\nDieser Zeitpunkt ist jetzt, am Morgen des 20. M\u00e4rz desselben Jahres. Doch was soll ich tun? Ich habe keine Ahnung. Ich finde nichts.<br \/>\nM\u00f6glicherweise wird mir am 31. M\u00e4rz etwas einfallen, die L\u00f6sung des Problems, die Rettung der Menschheit und der Erde. Aber dann wird es zu sp\u00e4t sein.<\/p><\/blockquote>\n<div id=\"attachment_13999\" style=\"width: 525px\" class=\"wp-caption aligncenter\"><a href=\"http:\/\/www.verdichtet.at\/wp-content\/uploads\/2022\/03\/Die-Zerst\u00f6rung-des-Hauses-der-\u00d6sterreichischen-Draukraftwerke-in-Klagenfurt.jpg\"><img loading=\"lazy\" decoding=\"async\" aria-describedby=\"caption-attachment-13999\" class=\"size-full wp-image-13999\" src=\"http:\/\/www.verdichtet.at\/wp-content\/uploads\/2022\/03\/Die-Zerst\u00f6rung-des-Hauses-der-\u00d6sterreichischen-Draukraftwerke-in-Klagenfurt.jpg\" alt=\"Die Zerst\u00f6rung des Hauses der \u00d6sterreichischen Draukraftwerke in Klagenfurt\" width=\"515\" height=\"400\" srcset=\"https:\/\/www.verdichtet.at\/wp-content\/uploads\/2022\/03\/Die-Zerst\u00f6rung-des-Hauses-der-\u00d6sterreichischen-Draukraftwerke-in-Klagenfurt.jpg 515w, https:\/\/www.verdichtet.at\/wp-content\/uploads\/2022\/03\/Die-Zerst\u00f6rung-des-Hauses-der-\u00d6sterreichischen-Draukraftwerke-in-Klagenfurt-300x233.jpg 300w\" sizes=\"auto, (max-width: 515px) 100vw, 515px\" \/><\/a><p id=\"caption-attachment-13999\" class=\"wp-caption-text\">Die Zerst\u00f6rung des Hauses der \u00d6sterreichischen Draukraftwerke in Klagenfurt<\/p><\/div>\n<p style=\"text-align: right;\">Johannes Tosin<br \/>\n(Text und Bild)<\/p>\n<p style=\"text-align: right;\">www.verdichtet.at | Kategorie: <a href=\"http:\/\/www.verdichtet.at\/?page_id=972\">\u00e4rgstens<\/a> | Inventarnummer: 22048<\/p>\n<p>&nbsp;<\/p>\n","protected":false},"excerpt":{"rendered":"<p>Vielleicht werde ich am 31. M\u00e4rz 2022, wenn die Atomraketen fliegen, denken: Ich h\u00e4tte etwas tun sollen. Dieser Zeitpunkt ist jetzt, am Morgen des 20. M\u00e4rz desselben Jahres. Doch was soll ich tun? Ich habe keine Ahnung. Ich finde nichts. M\u00f6glicherweise wird mir am 31. M\u00e4rz etwas einfallen, die L\u00f6sung des Problems, die Rettung der [&hellip;]<\/p>\n","protected":false},"author":4,"featured_media":0,"comment_status":"open","ping_status":"open","sticky":false,"template":"","format":"standard","meta":{"footnotes":""},"categories":[117],"tags":[57],"class_list":["post-13997","post","type-post","status-publish","format-standard","hentry","category-tosin-johannes","tag-aergstens"],"_links":{"self":[{"href":"https:\/\/www.verdichtet.at\/index.php?rest_route=\/wp\/v2\/posts\/13997","targetHints":{"allow":["GET"]}}],"collection":[{"href":"https:\/\/www.verdichtet.at\/index.php?rest_route=\/wp\/v2\/posts"}],"about":[{"href":"https:\/\/www.verdichtet.at\/index.php?rest_route=\/wp\/v2\/types\/post"}],"author":[{"embeddable":true,"href":"https:\/\/www.verdichtet.at\/index.php?rest_route=\/wp\/v2\/users\/4"}],"replies":[{"embeddable":true,"href":"https:\/\/www.verdichtet.at\/index.php?rest_route=%2Fwp%2Fv2%2Fcomments&post=13997"}],"version-history":[{"count":4,"href":"https:\/\/www.verdichtet.at\/index.php?rest_route=\/wp\/v2\/posts\/13997\/revisions"}],"predecessor-version":[{"id":14002,"href":"https:\/\/www.verdichtet.at\/index.php?rest_route=\/wp\/v2\/posts\/13997\/revisions\/14002"}],"wp:attachment":[{"href":"https:\/\/www.verdichtet.at\/index.php?rest_route=%2Fwp%2Fv2%2Fmedia&parent=13997"}],"wp:term":[{"taxonomy":"category","embeddable":true,"href":"https:\/\/www.verdichtet.at\/index.php?rest_route=%2Fwp%2Fv2%2Fcategories&post=13997"},{"taxonomy":"post_tag","embeddable":true,"href":"https:\/\/www.verdichtet.at\/index.php?rest_route=%2Fwp%2Fv2%2Ftags&post=13997"}],"curies":[{"name":"wp","href":"https:\/\/api.w.org\/{rel}","templated":true}]}}