{"id":13844,"date":"2022-02-15T09:15:47","date_gmt":"2022-02-15T09:15:47","guid":{"rendered":"http:\/\/www.verdichtet.at\/?p=13844"},"modified":"2022-02-19T09:29:21","modified_gmt":"2022-02-19T09:29:21","slug":"besuch-bei-den-anonymen-katzenhassern","status":"publish","type":"post","link":"https:\/\/www.verdichtet.at\/?p=13844","title":{"rendered":"Besuch bei den anonymen Katzenhassern"},"content":{"rendered":"<div class=\"pdfprnt-buttons pdfprnt-buttons-post pdfprnt-top-right\"><a href=\"https:\/\/www.verdichtet.at\/index.php?rest_route=wpv2posts13844&print=pdf\" class=\"pdfprnt-button pdfprnt-button-pdf\" target=\"_blank\"><\/a><a href=\"https:\/\/www.verdichtet.at\/index.php?rest_route=wpv2posts13844&print=print\" class=\"pdfprnt-button pdfprnt-button-print\" target=\"_blank\"><\/a><\/div><p>Ich: Hallo, ich bin Klaus. Ich bin Katzenhasser.<\/p>\n<p><strong><em>Alle: Hallo Klaus!<\/em><\/strong><\/p>\n<p>Ich: Also, ich tu mir jetzt schon ein bisserl hart, hier zu stehen und mit euch zu reden \u00fcber etwas, das tief in mir drinnen ist, aber ich muss ja. Der Richter hat mich zu den Treffen der \u201eAnonymen Katzenhasser\u201c verdonnert und, na ja, das ist halt neu f\u00fcr mich. Habt\u2019s also bitte Geduld mit mir.<\/p>\n<p>Mit dem Katzenhassen habe ich \u2013 ehrlich gesagt \u2013 schon in meiner Kindheit und Jugend angefangen. Meine Familie wohnte damals auf einem Bauernhof. Dort gab es immer Katzen. Eine, eine schwarze, war mir sehr ans Herz gewachsen. Ich streichelte sich, sie schlief in meinem Bett. Eines Tages \u00fcberfuhr sie der Bauer mit dem Traktor, unabsichtlich, wie er sagte, und mein Vater befahl mir, sie zu begraben. Es war Winter. Es war schweinekalt und die tote Katze war steifgefroren, ich nahm sie am Schwanz und sie stand \u2013 so waagerecht von mir weg. Ich begrub sie im Misthaufen, die Erde war ja auch gefroren.<\/p>\n<p>Nach diesem \u2013 wie ich heute wei\u00df \u2013 traumatischen Erlebnis lie\u00df ich lange keine Katze an mich heran, dann doch wieder, eine rotgestreifte, auch sie lebte nicht lange, ich begrub sie am Rande des Kartoffelfelds.\u00a0Ich schwor mir, nie wieder eine Katze zu haben.<\/p>\n<p>Das hielt, bis ich Student wurde in der gro\u00dfen Stadt. Mit der Freundin zog in unsere WG eine Katze ein, der das aber nicht gefiel. Sie schiss allen WG-Bewohnern in die Schuhe. Also wurde in der Runde \u00a0\u2013 mit Ausnahme der Katzenbesitzerin \u2013 beschlossen, das Tier, nun ja, wie soll ich sagen, zu entsorgen halt. Das Los fiel auf mich. Ich nahm den WG-eigenen Baseballschl\u00e4ger und begrub die Katze gegen\u00fcber in der Hundefreilaufzone.<\/p>\n<p>Kurz darauf suchte ich zum ersten Mal psychologische Hilfe. Die Therapeutin \u2013 sie hatte eine Karth\u00e4user-Katze, so eine edle, graue, die eines Tages spurlos verschwand \u2013, sie riet mir jedenfalls zu einer Hyposensibilisierung. Ihr kennt das bestimmt von Allergien. Dabei setzt man sich langsam steigenden Dosen des Allergens aus, bis man sich an die Allergie gew\u00f6hnt hat. So ungef\u00e4hr hatte ich das verstanden.<\/p>\n<p>Ich begann mit einem Katzenfell, legte mir dann eine ganz kleine Katze zu und tauschte die Tierchen \u2013 immer h\u00e4ufiger auch lebendig \u2013 gegen immer gr\u00f6\u00dfere Exemplare in den Tierheimen um. Im Urlaub fuhr ich ins Disneyland und umgab mich mit Aristocats. Inzwischen war ich wieder zur\u00fcck aufs Land gezogen und dort fand ich mich eines Tages mit einem Puma wieder. Ich hatte ihn billig vom insolventen \u201eZirkus Muzikatz\u201c gekauft und in einem durchaus gro\u00dfz\u00fcgigen Gehege im Garten gehalten. Der Kontakt mit der zahmen Gro\u00dfkatze sollte mein Gesellenst\u00fcck in Sachen Abh\u00e4rtung werden. Denn mittlerweile hatte ich meine Katzenhasserei halbwegs im Griff, aber als der Puma begann, mir um die Beine zu streichen und mich allein seines Gewichts wegen immer wieder in den Dreck zu werfen, und dann auch noch anfing, mir K\u00f6pfchen zu geben, mit seinen Pranken auf meinen Schultern, und mich dabei halb bewusstlos zu schlagen mit seinem stinkenden Sch\u00e4del, nun ja, da begrub ich ihn \u2013 eh in der Nacht \u2013 auf dem Fu\u00dfballplatz des FC Alkoven.<\/p>\n<p>Leider erwischte mich dabei der Platzwart, ihn hatte seine Katze darauf trainiert, sie um Mitternacht ins Haus zu lassen. Er holte die Polizei. Kurz: Ich bekam wegen Tierqu\u00e4lerei und Sachbesch\u00e4digung zw\u00f6lf \u00a0Monate auf Bew\u00e4hrung und muss so lange eure Treffen absolvieren. Ich hoffe, ihr k\u00f6nnt mir irgendwie helfen, \u2026 <em>(b\u00f6ser Blick)<\/em> vielleicht mit der einen oder anderen Katze, ich nehme auch dreibeinige und r\u00e4udige. Katzenbabys kein Hindernis \u2026 Danke f\u00fcr eure Aufmerksamkeit.<\/p>\n<p><strong><em>Alle: Danke, Klaus.<\/em><\/strong><\/p>\n<p style=\"text-align: right;\">Klaus Buttinger<\/p>\n<p style=\"text-align: right;\">www.verdichtet.at |\u00a0Kategorie: <a href=\"http:\/\/www.verdichtet.at\/?page_id=972\">\u00e4rgstens<\/a> | Inventarnummer: 22037<\/p>\n<p>&nbsp;<\/p>\n","protected":false},"excerpt":{"rendered":"<p>Ich: Hallo, ich bin Klaus. Ich bin Katzenhasser. Alle: Hallo Klaus! Ich: Also, ich tu mir jetzt schon ein bisserl hart, hier zu stehen und mit euch zu reden \u00fcber etwas, das tief in mir drinnen ist, aber ich muss ja. Der Richter hat mich zu den Treffen der \u201eAnonymen Katzenhasser\u201c verdonnert und, na ja, [&hellip;]<\/p>\n","protected":false},"author":4,"featured_media":0,"comment_status":"open","ping_status":"open","sticky":false,"template":"","format":"standard","meta":{"footnotes":""},"categories":[160],"tags":[57],"class_list":["post-13844","post","type-post","status-publish","format-standard","hentry","category-buttinger-klaus","tag-aergstens"],"_links":{"self":[{"href":"https:\/\/www.verdichtet.at\/index.php?rest_route=\/wp\/v2\/posts\/13844","targetHints":{"allow":["GET"]}}],"collection":[{"href":"https:\/\/www.verdichtet.at\/index.php?rest_route=\/wp\/v2\/posts"}],"about":[{"href":"https:\/\/www.verdichtet.at\/index.php?rest_route=\/wp\/v2\/types\/post"}],"author":[{"embeddable":true,"href":"https:\/\/www.verdichtet.at\/index.php?rest_route=\/wp\/v2\/users\/4"}],"replies":[{"embeddable":true,"href":"https:\/\/www.verdichtet.at\/index.php?rest_route=%2Fwp%2Fv2%2Fcomments&post=13844"}],"version-history":[{"count":4,"href":"https:\/\/www.verdichtet.at\/index.php?rest_route=\/wp\/v2\/posts\/13844\/revisions"}],"predecessor-version":[{"id":13848,"href":"https:\/\/www.verdichtet.at\/index.php?rest_route=\/wp\/v2\/posts\/13844\/revisions\/13848"}],"wp:attachment":[{"href":"https:\/\/www.verdichtet.at\/index.php?rest_route=%2Fwp%2Fv2%2Fmedia&parent=13844"}],"wp:term":[{"taxonomy":"category","embeddable":true,"href":"https:\/\/www.verdichtet.at\/index.php?rest_route=%2Fwp%2Fv2%2Fcategories&post=13844"},{"taxonomy":"post_tag","embeddable":true,"href":"https:\/\/www.verdichtet.at\/index.php?rest_route=%2Fwp%2Fv2%2Ftags&post=13844"}],"curies":[{"name":"wp","href":"https:\/\/api.w.org\/{rel}","templated":true}]}}