{"id":13671,"date":"2022-01-18T17:06:37","date_gmt":"2022-01-18T17:06:37","guid":{"rendered":"http:\/\/www.verdichtet.at\/?p=13671"},"modified":"2022-01-22T08:51:15","modified_gmt":"2022-01-22T08:51:15","slug":"das-unglueck","status":"publish","type":"post","link":"https:\/\/www.verdichtet.at\/?p=13671","title":{"rendered":"Das Ungl\u00fcck"},"content":{"rendered":"<div class=\"pdfprnt-buttons pdfprnt-buttons-post pdfprnt-top-right\"><a href=\"https:\/\/www.verdichtet.at\/index.php?rest_route=wpv2posts13671&print=pdf\" class=\"pdfprnt-button pdfprnt-button-pdf\" target=\"_blank\"><\/a><a href=\"https:\/\/www.verdichtet.at\/index.php?rest_route=wpv2posts13671&print=print\" class=\"pdfprnt-button pdfprnt-button-print\" target=\"_blank\"><\/a><\/div><blockquote><p>Er hat viele Entschuldigungen,<br \/>\naber geschehen ist das Ungl\u00fcck trotzdem.<br \/>\nUnd es zerst\u00f6rte viele Leben, auch seins,<br \/>\nobwohl er daran keine Schuld tr\u00e4gt,<br \/>\nwie er stets sagt.<\/p><\/blockquote>\n<div id=\"attachment_13670\" style=\"width: 370px\" class=\"wp-caption aligncenter\"><a href=\"http:\/\/www.verdichtet.at\/wp-content\/uploads\/2022\/01\/Der-morgendliche-Schneewald-hinter-dem-Fenster-mit-Spiegelungen.jpg\"><img loading=\"lazy\" decoding=\"async\" aria-describedby=\"caption-attachment-13670\" class=\"size-full wp-image-13670\" src=\"http:\/\/www.verdichtet.at\/wp-content\/uploads\/2022\/01\/Der-morgendliche-Schneewald-hinter-dem-Fenster-mit-Spiegelungen.jpg\" alt=\"Der morgendliche Schneewald hinter dem Fenster mit Spiegelungen\" width=\"360\" height=\"600\" srcset=\"https:\/\/www.verdichtet.at\/wp-content\/uploads\/2022\/01\/Der-morgendliche-Schneewald-hinter-dem-Fenster-mit-Spiegelungen.jpg 360w, https:\/\/www.verdichtet.at\/wp-content\/uploads\/2022\/01\/Der-morgendliche-Schneewald-hinter-dem-Fenster-mit-Spiegelungen-180x300.jpg 180w\" sizes=\"auto, (max-width: 360px) 100vw, 360px\" \/><\/a><p id=\"caption-attachment-13670\" class=\"wp-caption-text\">Der morgendliche Schneewald hinter dem Fenster mit Spiegelungen<\/p><\/div>\n<p style=\"text-align: right;\">Johannes Tosin<br \/>\n(Text und Bild)<\/p>\n<p style=\"text-align: right;\">www.verdichtet.at | Kategorie: <a href=\"http:\/\/www.verdichtet.at\/?page_id=972\">\u00e4rgstens<\/a> | Inventarnummer: 22019<\/p>\n","protected":false},"excerpt":{"rendered":"<p>Er hat viele Entschuldigungen, aber geschehen ist das Ungl\u00fcck trotzdem. Und es zerst\u00f6rte viele Leben, auch seins, obwohl er daran keine Schuld tr\u00e4gt, wie er stets sagt. Johannes Tosin (Text und Bild) www.verdichtet.at | Kategorie: \u00e4rgstens | Inventarnummer: 22019<\/p>\n","protected":false},"author":4,"featured_media":0,"comment_status":"open","ping_status":"open","sticky":false,"template":"","format":"standard","meta":{"footnotes":""},"categories":[117],"tags":[57],"class_list":["post-13671","post","type-post","status-publish","format-standard","hentry","category-tosin-johannes","tag-aergstens"],"_links":{"self":[{"href":"https:\/\/www.verdichtet.at\/index.php?rest_route=\/wp\/v2\/posts\/13671","targetHints":{"allow":["GET"]}}],"collection":[{"href":"https:\/\/www.verdichtet.at\/index.php?rest_route=\/wp\/v2\/posts"}],"about":[{"href":"https:\/\/www.verdichtet.at\/index.php?rest_route=\/wp\/v2\/types\/post"}],"author":[{"embeddable":true,"href":"https:\/\/www.verdichtet.at\/index.php?rest_route=\/wp\/v2\/users\/4"}],"replies":[{"embeddable":true,"href":"https:\/\/www.verdichtet.at\/index.php?rest_route=%2Fwp%2Fv2%2Fcomments&post=13671"}],"version-history":[{"count":3,"href":"https:\/\/www.verdichtet.at\/index.php?rest_route=\/wp\/v2\/posts\/13671\/revisions"}],"predecessor-version":[{"id":13690,"href":"https:\/\/www.verdichtet.at\/index.php?rest_route=\/wp\/v2\/posts\/13671\/revisions\/13690"}],"wp:attachment":[{"href":"https:\/\/www.verdichtet.at\/index.php?rest_route=%2Fwp%2Fv2%2Fmedia&parent=13671"}],"wp:term":[{"taxonomy":"category","embeddable":true,"href":"https:\/\/www.verdichtet.at\/index.php?rest_route=%2Fwp%2Fv2%2Fcategories&post=13671"},{"taxonomy":"post_tag","embeddable":true,"href":"https:\/\/www.verdichtet.at\/index.php?rest_route=%2Fwp%2Fv2%2Ftags&post=13671"}],"curies":[{"name":"wp","href":"https:\/\/api.w.org\/{rel}","templated":true}]}}