{"id":11997,"date":"2020-12-03T17:05:55","date_gmt":"2020-12-03T17:05:55","guid":{"rendered":"http:\/\/www.verdichtet.at\/?p=11997"},"modified":"2020-12-20T14:30:15","modified_gmt":"2020-12-20T14:30:15","slug":"das-ende-der-welt","status":"publish","type":"post","link":"https:\/\/www.verdichtet.at\/?p=11997","title":{"rendered":"Das Ende der Welt"},"content":{"rendered":"<div class=\"pdfprnt-buttons pdfprnt-buttons-post pdfprnt-top-right\"><a href=\"https:\/\/www.verdichtet.at\/index.php?rest_route=wpv2posts11997&print=pdf\" class=\"pdfprnt-button pdfprnt-button-pdf\" target=\"_blank\"><\/a><a href=\"https:\/\/www.verdichtet.at\/index.php?rest_route=wpv2posts11997&print=print\" class=\"pdfprnt-button pdfprnt-button-print\" target=\"_blank\"><\/a><\/div><blockquote><p>Hier geht es nicht mehr weiter. Ich stehe vor einer fugenlosen dunkelgrauen Mauer, die anscheinend unendlich hoch ist. Das ist das Ende der Welt. Ich kann nur zur\u00fcckgehen oder hierbleiben und verhungern. Die Wahl f\u00e4llt mir leicht.<\/p><\/blockquote>\n<div id=\"attachment_11999\" style=\"width: 610px\" class=\"wp-caption aligncenter\"><a href=\"http:\/\/www.verdichtet.at\/wp-content\/uploads\/2020\/12\/Brennende-Kirchen.jpg\"><img loading=\"lazy\" decoding=\"async\" aria-describedby=\"caption-attachment-11999\" class=\"size-full wp-image-11999\" src=\"http:\/\/www.verdichtet.at\/wp-content\/uploads\/2020\/12\/Brennende-Kirchen.jpg\" alt=\"Brennende Kerzen in der Pfarrkirche Maria im Dorn zu Beginn der Allerseelennacht 2020 in Feldkirchen\" width=\"600\" height=\"458\" srcset=\"https:\/\/www.verdichtet.at\/wp-content\/uploads\/2020\/12\/Brennende-Kirchen.jpg 600w, https:\/\/www.verdichtet.at\/wp-content\/uploads\/2020\/12\/Brennende-Kirchen-300x229.jpg 300w\" sizes=\"auto, (max-width: 600px) 100vw, 600px\" \/><\/a><p id=\"caption-attachment-11999\" class=\"wp-caption-text\">Brennende Kerzen in der Pfarrkirche Maria im Dorn zu Beginn der Allerseelennacht 2020 in Feldkirchen<\/p><\/div>\n<p style=\"text-align: right;\">Johannes Tosin<br \/>\n(Text und Bild)<\/p>\n<p style=\"text-align: right;\">www.verdichtet.at | Kategorie: <a href=\"http:\/\/www.verdichtet.at\/?page_id=972\">\u00e4rgstens<\/a> | Inventarnummer: 20130<\/p>\n","protected":false},"excerpt":{"rendered":"<p>Hier geht es nicht mehr weiter. Ich stehe vor einer fugenlosen dunkelgrauen Mauer, die anscheinend unendlich hoch ist. Das ist das Ende der Welt. Ich kann nur zur\u00fcckgehen oder hierbleiben und verhungern. Die Wahl f\u00e4llt mir leicht. Johannes Tosin (Text und Bild) www.verdichtet.at | Kategorie: \u00e4rgstens | Inventarnummer: 20130<\/p>\n","protected":false},"author":4,"featured_media":0,"comment_status":"open","ping_status":"open","sticky":false,"template":"","format":"standard","meta":{"footnotes":""},"categories":[117],"tags":[57],"class_list":["post-11997","post","type-post","status-publish","format-standard","hentry","category-tosin-johannes","tag-aergstens"],"_links":{"self":[{"href":"https:\/\/www.verdichtet.at\/index.php?rest_route=\/wp\/v2\/posts\/11997","targetHints":{"allow":["GET"]}}],"collection":[{"href":"https:\/\/www.verdichtet.at\/index.php?rest_route=\/wp\/v2\/posts"}],"about":[{"href":"https:\/\/www.verdichtet.at\/index.php?rest_route=\/wp\/v2\/types\/post"}],"author":[{"embeddable":true,"href":"https:\/\/www.verdichtet.at\/index.php?rest_route=\/wp\/v2\/users\/4"}],"replies":[{"embeddable":true,"href":"https:\/\/www.verdichtet.at\/index.php?rest_route=%2Fwp%2Fv2%2Fcomments&post=11997"}],"version-history":[{"count":5,"href":"https:\/\/www.verdichtet.at\/index.php?rest_route=\/wp\/v2\/posts\/11997\/revisions"}],"predecessor-version":[{"id":12003,"href":"https:\/\/www.verdichtet.at\/index.php?rest_route=\/wp\/v2\/posts\/11997\/revisions\/12003"}],"wp:attachment":[{"href":"https:\/\/www.verdichtet.at\/index.php?rest_route=%2Fwp%2Fv2%2Fmedia&parent=11997"}],"wp:term":[{"taxonomy":"category","embeddable":true,"href":"https:\/\/www.verdichtet.at\/index.php?rest_route=%2Fwp%2Fv2%2Fcategories&post=11997"},{"taxonomy":"post_tag","embeddable":true,"href":"https:\/\/www.verdichtet.at\/index.php?rest_route=%2Fwp%2Fv2%2Ftags&post=11997"}],"curies":[{"name":"wp","href":"https:\/\/api.w.org\/{rel}","templated":true}]}}