{"id":9206,"date":"2019-01-04T09:15:08","date_gmt":"2019-01-04T09:15:08","guid":{"rendered":"http:\/\/www.verdichtet.at\/?p=9206"},"modified":"2019-02-03T16:54:59","modified_gmt":"2019-02-03T16:54:59","slug":"wahnsinn-bei-nacht","status":"publish","type":"post","link":"http:\/\/www.verdichtet.at\/?p=9206","title":{"rendered":"Wahnsinn bei Nacht"},"content":{"rendered":"<div class=\"pdfprnt-buttons pdfprnt-buttons-post pdfprnt-top-right\"><a href=\"http:\/\/www.verdichtet.at\/index.php?rest_route=wpv2posts9206&print=pdf\" class=\"pdfprnt-button pdfprnt-button-pdf\" target=\"_blank\"><\/a><a href=\"http:\/\/www.verdichtet.at\/index.php?rest_route=wpv2posts9206&print=print\" class=\"pdfprnt-button pdfprnt-button-print\" target=\"_blank\"><\/a><\/div><blockquote><p>Lampen zerbrechen,<br \/>\naus Farben wird Schwarz<br \/>\nT\u00e4glich wandere ich<br \/>\n\u00fcber Mittern\u00e4chte hinaus<br \/>\nRauschen,<br \/>\noranger Himmel,<br \/>\ngetaucht in dunkles Blau,<\/p>\n<p>Jemand dr\u00fcckt auf das Glas,<br \/>\nSchall kommt durch,<br \/>\nSelbstgespr\u00e4che,<br \/>\nlautes verzerrtes Gemurmel<\/p>\n<p>Mein Kopf spricht zu viel,<br \/>\nin den Raum,<br \/>\nGedanken an Herrn Fell,<br \/>\nSchlafe<br \/>\nein<\/p><\/blockquote>\n<p style=\"text-align: right;\">Florian Pfeffer<\/p>\n<p class=\"Textbody\" style=\"margin-bottom: 0.0001pt; line-height: normal; text-align: right;\">www.verdichtet.at |\u00a0Kategorie:\u00a0<a href=\"http:\/\/www.verdichtet.at\/?page_id=972\">\u00e4rgstens<\/a> | Inventarnummer: 19014<\/p>\n","protected":false},"excerpt":{"rendered":"<p>Lampen zerbrechen, aus Farben wird Schwarz T\u00e4glich wandere ich \u00fcber Mittern\u00e4chte hinaus Rauschen, oranger Himmel, getaucht in dunkles Blau, Jemand dr\u00fcckt auf das Glas, Schall kommt durch, Selbstgespr\u00e4che, lautes verzerrtes Gemurmel Mein Kopf spricht zu viel, in den Raum, Gedanken an Herrn Fell, Schlafe ein Florian Pfeffer www.verdichtet.at |\u00a0Kategorie:\u00a0\u00e4rgstens | Inventarnummer: 19014<\/p>\n","protected":false},"author":4,"featured_media":0,"comment_status":"open","ping_status":"open","sticky":false,"template":"","format":"standard","meta":{"footnotes":""},"categories":[44],"tags":[57],"class_list":["post-9206","post","type-post","status-publish","format-standard","hentry","category-pfeffer-florian","tag-aergstens"],"_links":{"self":[{"href":"http:\/\/www.verdichtet.at\/index.php?rest_route=\/wp\/v2\/posts\/9206","targetHints":{"allow":["GET"]}}],"collection":[{"href":"http:\/\/www.verdichtet.at\/index.php?rest_route=\/wp\/v2\/posts"}],"about":[{"href":"http:\/\/www.verdichtet.at\/index.php?rest_route=\/wp\/v2\/types\/post"}],"author":[{"embeddable":true,"href":"http:\/\/www.verdichtet.at\/index.php?rest_route=\/wp\/v2\/users\/4"}],"replies":[{"embeddable":true,"href":"http:\/\/www.verdichtet.at\/index.php?rest_route=%2Fwp%2Fv2%2Fcomments&post=9206"}],"version-history":[{"count":3,"href":"http:\/\/www.verdichtet.at\/index.php?rest_route=\/wp\/v2\/posts\/9206\/revisions"}],"predecessor-version":[{"id":9271,"href":"http:\/\/www.verdichtet.at\/index.php?rest_route=\/wp\/v2\/posts\/9206\/revisions\/9271"}],"wp:attachment":[{"href":"http:\/\/www.verdichtet.at\/index.php?rest_route=%2Fwp%2Fv2%2Fmedia&parent=9206"}],"wp:term":[{"taxonomy":"category","embeddable":true,"href":"http:\/\/www.verdichtet.at\/index.php?rest_route=%2Fwp%2Fv2%2Fcategories&post=9206"},{"taxonomy":"post_tag","embeddable":true,"href":"http:\/\/www.verdichtet.at\/index.php?rest_route=%2Fwp%2Fv2%2Ftags&post=9206"}],"curies":[{"name":"wp","href":"https:\/\/api.w.org\/{rel}","templated":true}]}}