{"id":8980,"date":"2018-11-24T18:37:17","date_gmt":"2018-11-24T18:37:17","guid":{"rendered":"http:\/\/www.verdichtet.at\/?p=8980"},"modified":"2024-06-26T07:26:50","modified_gmt":"2024-06-26T07:26:50","slug":"synagoge-beit-ha-midrasch-haus-des-gebets","status":"publish","type":"post","link":"http:\/\/www.verdichtet.at\/?p=8980","title":{"rendered":"Synagoge &#8211; Beit Ha Midrasch &#8211; Haus des Gebets"},"content":{"rendered":"<div class=\"pdfprnt-buttons pdfprnt-buttons-post pdfprnt-top-right\"><a href=\"http:\/\/www.verdichtet.at\/index.php?rest_route=wpv2posts8980&print=pdf\" class=\"pdfprnt-button pdfprnt-button-pdf\" target=\"_blank\"><\/a><a href=\"http:\/\/www.verdichtet.at\/index.php?rest_route=wpv2posts8980&print=print\" class=\"pdfprnt-button pdfprnt-button-print\" target=\"_blank\"><\/a><\/div><blockquote>\n<p style=\"text-align: center;\">In deiner Mitte hat das Wort gewohnt<br \/>\nDoch lange schon ist es geflohen<br \/>\nVon diesem in das andre Leben<br \/>\nWie h\u00e4tt\u2018 es sich in acht Jahrzehnten<br \/>\nVerstecken k\u00f6nnen fern und fremd?<br \/>\nVon Asyl hat es bis dato nicht geh\u00f6rt<\/p>\n<p style=\"text-align: center;\">Geschunden und gesch\u00e4ndet<br \/>\nEntfremdet<br \/>\nDem Vergessen anvertraut<br \/>\nGar totgeschwiegen, totgetrampelt<br \/>\nIn leeren kalten Winkeln<br \/>\nHattest du dich allzu lang verborgen<br \/>\nBis dir der lange Atem ausgegangen<br \/>\nUnd du davongeflogen bist<br \/>\nEntschwunden uns<\/p>\n<p style=\"text-align: center;\">Doch liebend aufgenommen<br \/>\nIn den Himmeln<br \/>\nEingeatmet und geborgen<\/p>\n<p style=\"text-align: center;\">Hier ist noch deine leere H\u00fclle<br \/>\nDer tote Leib<br \/>\nDie kalten Mauern<br \/>\nWohlig warm solarbeheizt<br \/>\nDie wir ehrfurchtsvoll bestaunen<\/p>\n<p style=\"text-align: center;\">Ansehnlich restauriert k\u00fcndet dies Haus<br \/>\nVon einer Zeit<br \/>\nIn der das Wort unter den Menschen wohnte<br \/>\nWohnen wollte liebend gern<br \/>\nEs ist ihm nicht gegl\u00fcckt<\/p>\n<p style=\"text-align: center;\">Was aber k\u00fcndet von der Schande<br \/>\nDer Entgleisung<br \/>\nDem millionenfachen Mord?<br \/>\nVerkniffene Lippen \u2013 ein beredtes Schweigen<br \/>\nStille, die zum Himmel schreit<\/p>\n<\/blockquote>\n<p><em>Sulzbach-Rosenberg im Februar 2018<\/em><\/p>\n<p style=\"text-align: right;\">Claudia Kellnhofer<\/p>\n<p style=\"text-align: right;\">www.verdichtet.at | Kategorie: <a href=\"http:\/\/www.verdichtet.at\/?page_id=972\">\u00e4rgstens<\/a> | Inventarnummer: 18158<\/p>\n","protected":false},"excerpt":{"rendered":"<p>In deiner Mitte hat das Wort gewohnt Doch lange schon ist es geflohen Von diesem in das andre Leben Wie h\u00e4tt\u2018 es sich in acht Jahrzehnten Verstecken k\u00f6nnen fern und fremd? Von Asyl hat es bis dato nicht geh\u00f6rt Geschunden und gesch\u00e4ndet Entfremdet Dem Vergessen anvertraut Gar totgeschwiegen, totgetrampelt In leeren kalten Winkeln Hattest du [&hellip;]<\/p>\n","protected":false},"author":4,"featured_media":0,"comment_status":"open","ping_status":"open","sticky":false,"template":"","format":"standard","meta":{"footnotes":""},"categories":[71],"tags":[57],"class_list":["post-8980","post","type-post","status-publish","format-standard","hentry","category-kellnhofer-claudia","tag-aergstens"],"_links":{"self":[{"href":"http:\/\/www.verdichtet.at\/index.php?rest_route=\/wp\/v2\/posts\/8980","targetHints":{"allow":["GET"]}}],"collection":[{"href":"http:\/\/www.verdichtet.at\/index.php?rest_route=\/wp\/v2\/posts"}],"about":[{"href":"http:\/\/www.verdichtet.at\/index.php?rest_route=\/wp\/v2\/types\/post"}],"author":[{"embeddable":true,"href":"http:\/\/www.verdichtet.at\/index.php?rest_route=\/wp\/v2\/users\/4"}],"replies":[{"embeddable":true,"href":"http:\/\/www.verdichtet.at\/index.php?rest_route=%2Fwp%2Fv2%2Fcomments&post=8980"}],"version-history":[{"count":6,"href":"http:\/\/www.verdichtet.at\/index.php?rest_route=\/wp\/v2\/posts\/8980\/revisions"}],"predecessor-version":[{"id":18320,"href":"http:\/\/www.verdichtet.at\/index.php?rest_route=\/wp\/v2\/posts\/8980\/revisions\/18320"}],"wp:attachment":[{"href":"http:\/\/www.verdichtet.at\/index.php?rest_route=%2Fwp%2Fv2%2Fmedia&parent=8980"}],"wp:term":[{"taxonomy":"category","embeddable":true,"href":"http:\/\/www.verdichtet.at\/index.php?rest_route=%2Fwp%2Fv2%2Fcategories&post=8980"},{"taxonomy":"post_tag","embeddable":true,"href":"http:\/\/www.verdichtet.at\/index.php?rest_route=%2Fwp%2Fv2%2Ftags&post=8980"}],"curies":[{"name":"wp","href":"https:\/\/api.w.org\/{rel}","templated":true}]}}