{"id":709,"date":"2014-01-06T17:58:44","date_gmt":"2014-01-06T17:58:44","guid":{"rendered":"http:\/\/www.verdichtet.at\/?p=709"},"modified":"2015-11-16T22:12:22","modified_gmt":"2015-11-16T22:12:22","slug":"schuettler-2014","status":"publish","type":"post","link":"http:\/\/www.verdichtet.at\/?p=709","title":{"rendered":"Sch\u00fcttler 2014"},"content":{"rendered":"<div class=\"pdfprnt-buttons pdfprnt-buttons-post pdfprnt-top-right\"><a href=\"http:\/\/www.verdichtet.at\/index.php?rest_route=wpv2posts709&print=pdf\" class=\"pdfprnt-button pdfprnt-button-pdf\" target=\"_blank\"><\/a><a href=\"http:\/\/www.verdichtet.at\/index.php?rest_route=wpv2posts709&print=print\" class=\"pdfprnt-button pdfprnt-button-print\" target=\"_blank\"><\/a><\/div><p>Ihre Sch\u00fcttler sind herzlich willkommen: <a href=\"mailto:redaktion@verdichtet.at\" target=\"_blank\">redaktion@verdichtet.at<\/a><\/p>\n<p><b><b>Woche 52<\/b><\/b><strong>: O Tannenbaum<br \/>\n<\/strong>Wenn ich etwas klarer singe,<br \/>\nich dann wie die Sarah klinge?<br \/>\n(Christoph Kempter)<\/p>\n<p><b><b>Woche 51:<\/b> <\/b><strong>Multitalent<br \/>\n<\/strong>Die Verk\u00e4uferin, die wandelbare,<br \/>\nverkauft uns nicht nur Bandelware.<br \/>\n(Christoph Kempter)<\/p>\n<p><b><b>Woche 50:<\/b> <\/b><strong>Am Adventmarkt<\/strong><br \/>\nHinter diesen Kerzenhaufen<br \/>\nkann man Schokoherzen kaufen.<br \/>\n(Carmen Rosina)<\/p>\n<p><b><b>Woche 49:<\/b> <\/b><strong>Luther<\/strong><br \/>\nZweimal die Woche sollst du der Lust fr\u00f6nen,<br \/>\nsonst wird dein Weib es dir mit Frust l\u00f6hnen.<br \/>\n(Elsgin)<\/p>\n<p><b><b>Woche 48:<\/b> <\/b><strong>Handelsbilanz<br \/>\n<\/strong>Dem Dealen mit der\u00a0hei\u00dfen Ware<br \/>\nverdankt er seine wei\u00dfen Haare.<br \/>\n<em>(Michaela Swoboda)<\/em><\/p>\n<p><b><b>Woche 47:<\/b><\/b> <strong>Optimale Aufstiegsbedingungen<br \/>\n<\/strong>Wo ich jetzt auf den Baum kletter,<br \/>\ngibt&#8217;s viel Ge\u00e4st und kaum Bl\u00e4tter.<br \/>\n<em>(Carmen Rosina)<\/em><\/p>\n<p><b><b>Woche 46:<\/b> <\/b><strong>Landluft<\/strong><br \/>\nDer Bauer stand vorm G\u00fcllefass<br \/>\nund roch dort der F\u00fclle Gas.<br \/>\n<em>(Carmen Rosina)<\/em><\/p>\n<p><b><b>Woche 45:<\/b> <\/b><strong>Auf der Alm<br \/>\n<\/strong>Die sich um das Vieh scharen<br \/>\nsind nicht hier zum Schifahren.<br \/>\n<em>(Christoph Kempter)<\/em><\/p>\n<p><b><b>Woche 44:<\/b><\/b> <strong>Lob vom Trainer<\/strong><br \/>\nEr ist ein Natur-Talent.<br \/>\nSchw\u00e4chen gibt&#8217;s da nur latent.<br \/>\n<em>(Clemens Mitterlehner)<\/em><\/p>\n<p><b><b>Woche 43:<\/b><\/b> <strong>Comedians beim Afterwork-Drink<br \/>\n<\/strong>Komiker vom Fach lallten:<br \/>\n&#8222;Unser Ziel sind Lachfalten.&#8220;<br \/>\n<em>(Carmen Rosina)<\/em><\/p>\n<p><b>Woche 42: G\u00e4rtner beim Oktoberfest<\/b><br \/>\nDie dort nach der Ma\u00df kr\u00e4hen<br \/>\nsollten besser Gras m\u00e4hen.<br \/>\n<em>(Carmen Rosina)<\/em><\/p>\n<p><strong><strong><strong>Woche 41: <b>Makaber<\/b><br \/>\n<\/strong><\/strong><\/strong>Ach, in meinem Schrebergarten<br \/>\nMaulw\u00fcrfe sich Gr\u00e4ber scharrten.<br \/>\n<em>(Elsgin)<\/em><\/p>\n<p><strong><strong>Woche 40:<\/strong><\/strong> <strong>Abnehm-Frust<br \/>\n<\/strong>Wieder h\u00f6r ich Mandy zetern,<br \/>\nihr Grant misst sich in Zentimetern.<br \/>\n<em>(Carmen Rosina)<\/em><\/p>\n<p><strong><strong>Woche 39:<\/strong><\/strong> <strong>Vielfra\u00df<br \/>\n<\/strong>Nach kiloweise Hollerkoch<br \/>\nkam ihm gleich das Cola hoch.<br \/>\n<em>(Carmen Rosina)<\/em><\/p>\n<p><strong><strong>Woche 38: <strong>Kindergeburtstag<\/strong><\/strong><\/strong><br \/>\nZuerst noch schnell ein Kreisspiel,<br \/>\nbevor ich dann die Speis grill.<br \/>\n<em>(Clemens <em>Mitterlehner<\/em>)<\/em><\/p>\n<p><strong><strong>Woche 37: <strong>M\u00fchlviertler in der Karibik<br \/>\n<\/strong><\/strong><\/strong>Am Meer da drau\u00dfen segeln K\u00e4hne,<br \/>\ndoch ich mich nach dem Kegeln sehne.<br \/>\n<em>(Christoph Kempter)<\/em><\/p>\n<p><strong><strong>Woche 36: <strong>Eremitenrezept<br \/>\n<\/strong><\/strong><\/strong>Der Nerven Ruh im Stillen w\u00e4hle,<br \/>\nauf dass sie dir den Willen st\u00e4hle.<br \/>\n<em>(<em>Michaela Harrer-Sch\u00fctt<\/em>)<\/em><\/p>\n<p><strong><strong>Woche 35: <strong>Misslungene Verkehrsberuhigung?<br \/>\n<\/strong><\/strong><\/strong>Ich glaub, dass in dem Schilderwald<br \/>\ndas Fluchen nur noch wilder schallt.<br \/>\n<em>(Carmen Rosina)<\/em><\/p>\n<p><strong>Woche 34: Yogastunde<br \/>\n<\/strong>Wir sehen ihn noch ins Matten-Randl bei\u00dfen,<br \/>\nschon h\u00f6ren wir, wie ihm die Bandl rei\u00dfen.<br \/>\n<em>(Elsgin)<\/em><\/p>\n<p><strong>Woche 33: Gespr\u00e4ch unter Di\u00e4t-M\u00fcden<br \/>\n<\/strong>Mann, schmeckt dieser Brei fad!<br \/>\nAuf ein Eis ins Freibad?<br \/>\n<em>(Carmen Rosina)<\/em><\/p>\n<p><strong>Woche 32: Kulinarisch!<\/strong><br \/>\nIm Gasthof &#8222;Zur Seerose&#8220;<br \/>\ngibt&#8217;s die beste Reh-So\u00dfe.<br \/>\n<em>(Clemens <em>Mitterlehner<\/em>)<\/em><\/p>\n<p><strong>Woche 31: In Rage<br \/>\n<\/strong>Es schwillt ihr schon die Halsader.<br \/>\nAchtung, da folgt nichts als Hader!<br \/>\n<em>(Carmen Rosina)<\/em><\/p>\n<p><strong>Woche 30: Gelangweiltes Genie<\/strong><b><b><br \/>\n<\/b><\/b>Die anderen Sch\u00fcler lasen noch,<br \/>\nda bohrt\u2019 sie schon im Nasenloch.<br \/>\n<em>(Carmen Rosina)<\/em><\/p>\n<p><strong>Woche 29: <b>Adelsgeschlechterleiden<\/b><\/strong><b><b><br \/>\n<\/b><\/b>Br\u00e4t er jedes M\u00e4del an,<br \/>\nwird aus ihm kein Edelmann.<br \/>\n<em>(Christoph Kempter)<\/em><\/p>\n<p><strong>Woche 28: L\u00e4ndliches Idyll<\/strong><b><b><br \/>\n<\/b><\/b>Drau\u00dfen kreischt ein H\u00e4ufel Dohlen,<br \/>\nsoll sie doch der Teufel holen.<br \/>\n<em>(Elsgin)<\/em><\/p>\n<p><strong>Woche 27: Ans Model am Set<\/strong><b><span style=\"font-family: Arial;\"><span style=\"color: #000000;\"><br \/>\n<\/span><\/span><\/b>Iss ruhig deine Leibspeise!<br \/>\nNur bitt ich dich, dann speib leise.<br \/>\n<em>(Carmen Rosina)<\/em><\/p>\n<p><strong>Woche 26: Vom F\u00f6rster n\u00fcchtern betrachtet<\/strong><br \/>\nSieh dir mal die Hauer an,<br \/>\ndieses ist kein Auerhahn.<br \/>\n<em>(Christoph Kempter)<\/em><\/p>\n<p><strong>Woche 25: Dachschaden im Beichtstuhl<\/strong><br \/>\nIch sitze vor dem Beichtvater:<br \/>\n&#8222;Do isses jo gaunz feicht, Pater.&#8220;<br \/>\n<em>(<\/em><em>Clemens <em>Mitterlehner<\/em>)<\/em><\/p>\n<p><strong>Woche 24: Sonnenschutz<\/strong><br \/>\nIch such mir einen bladen Schatz<br \/>\nund nehm in seinem Schatten Platz.<br \/>\n<em>(&#8222;Aktionsradius am Augarten&#8220;,<\/em> <em>\u00fcbermittelt von Carin F\u00fcrst)<\/em><\/p>\n<p><strong>Woche 23: Unverfrorener Voyeur<\/strong><br \/>\nDer jungen Frau den Sichtschutz nehmen!<br \/>\nDaf\u00fcr soll sich der Nichtsnutz sch\u00e4men.<br \/>\n<em>(Carmen Rosina)<\/em><\/p>\n<p><strong>Woche 22: <\/strong><strong><b><b>Gest\u00e4ndnis eines randalierenden Maurers<\/b><\/b><\/strong><br \/>\nJa, ich schwang im Dampf die Kelle,<br \/>\nund so entstand im Kampf die Delle.<br \/>\n<em>(Michaela Harrer-Sch\u00fctt)<\/em><\/p>\n<p><strong>Woche 21: <\/strong><strong><b><b>Fashion Victim<\/b><\/b><\/strong><br \/>\nHeut geh ich noch ins Kleiderhaus,<br \/>\nsagt modebewusst der Haider Klaus.<br \/>\n<em>(G\u00fcnther Androsch)<\/em><\/p>\n<p><strong>Woche 20: <\/strong><strong><b><b>M\u00fclltrennungsfrage<br \/>\n<\/b><\/b><\/strong>Was ist das nun: Papier, Karton?<br \/>\nDass ich das nie kapier, pardon!<br \/>\n<em>(Carmen Rosina)<\/em><\/p>\n<p><strong>Woche 19: <\/strong><strong><b>Zur Freude des Rauchfangkehrers<br \/>\n<\/b><\/strong>Ah, da kommt ein Regenguss!<br \/>\nIch glaub, der hilft auch gegen Ru\u00df.<br \/>\n<em>(Christine Leitner &amp; Willi Maurer)<\/em><\/p>\n<p><strong>Woche 18: <\/strong><strong><b>Angesichts der Fleischplatte<br \/>\n<\/b><\/strong>Veganer,<br \/>\ngeh wana!<br \/>\n<em>(Christoph Kempter)<\/em><\/p>\n<p><strong>Woche 17: <\/strong><strong><b>Zu Ostern<br \/>\n<\/b><\/strong>Da sucht mit seiner Hand er: Wo denn<br \/>\nsind heute meine Wanderhoden?<br \/>\n<em>(Carmen Rosina)<\/em><\/p>\n<p><strong>Woche 16: <\/strong><b>Vegetarisch-veganer Tipp<\/b><strong><br \/>\n<\/strong>Nach einer Sch\u00fcssel B\u00e4rlauch<br \/>\nhast du keinen Leerbauch.<br \/>\n<em>(G\u00fcnther Androsch)<\/em><\/p>\n<p><strong>Woche 15: <\/strong><b>Sanfte Ann\u00e4herung<\/b><strong><br \/>\n<\/strong>Er wollte es mit Liese wagen,<br \/>\nals sie auf der Wiese lagen.<br \/>\n<em>(Clemens <em>Mitterlehner<\/em>)<\/em><\/p>\n<p><strong>Woche 14:<\/strong> <strong><b><b>Lesefreude<\/b><\/b><br \/>\n<\/strong>Bevor mein Wesen leidet,<br \/>\nes sich am Lesen weidet.<br \/>\n<em>(Gertrude Pumberger)<\/em><\/p>\n<p><strong>Woche 13:<\/strong> <strong><b><b>Das schl\u00e4gt Wellen<\/b><\/b><br \/>\n<\/strong>Neptuns Frisur aus Wassergras &#8211;<br \/>\nw\u00e4r&#8216; das nicht auch f\u00fcr Grasser was?<br \/>\n<em>(Michaela Harrer-Sch\u00fctt)<\/em><\/p>\n<p><strong>Woche 12:<\/strong> <strong><b>Guter Rat an einen armen Touristen am Souvenirstand<\/b><br \/>\n<\/strong>While you are nearly mittellos,<br \/>\nno buy, you have to little Moos!<br \/>\n<em>(Carmen Rosina)<\/em><br \/>\n(Dieser Sch\u00fcttelreim wurde auch in <a href=\"http:\/\/www.onlinemoff.at\/\" target=\"_blank\">Moff<\/a>, Band 2, 2014 abgedruckt.)<\/p>\n<p><strong>Woche 11:<\/strong> <strong>Fastenzeit<\/strong><strong><br \/>\n<\/strong>Die Gl\u00e4ser, die der Weber leerte,<br \/>\nerkl\u00e4ren seine Leberwerte.<br \/>\n<em>(Carmen Rosina)<\/em><\/p>\n<p><strong>Woche 10:<\/strong> <strong>Faschingsleiden<\/strong><strong><br \/>\n<\/strong>Wenn seine plumpen Witze hallen,<br \/>\ndann l\u00e4sst sie das in Hitze wallen.<br \/>\n<em>(Michaela Swoboda)<\/em><\/p>\n<p><strong>Woche 9: <strong>Kommentar bei der Loveparade<\/strong><br \/>\n<\/strong>Schau mal, diese Wespenleiber!<br \/>\nH\u00fcbsch sind sie, die Lesbenweiber &#8230;<br \/>\n<i>(Christoph Kempter)<\/i><\/p>\n<p><strong>Woche 8: Flauschige Triebt\u00e4ter<br \/>\n<\/strong>Katzen spielen<br \/>\nSpatzenkillen.<br \/>\n<em>(Clemens <em>Mitterlehner<\/em>)<\/em><\/p>\n<p><strong>Woche 7: Ortskenntnis<br \/>\n<\/strong>Soll ich dir die Stiegen zeigen,<br \/>\n\u00fcber die die Ziegen steigen?<br \/>\n<em>(Michaela Swoboda)<\/em><\/p>\n<p><strong>Woche 6: Am Kebabstand<\/strong><b><br \/>\n<\/b>H\u00f6r doch nur, wie sch\u00f6n er dichtet,<br \/>\nw\u00e4hrend er die D\u00f6ner schichtet.<br \/>\n<em>(Carmen Rosina)<\/em><\/p>\n<p><strong>Woche 5: <\/strong><b>Bunter Winterbeginn<br \/>\n<\/b>Bestrick auch gerne tolle Wadeln,<br \/>\ndoch keiner darf die Wolle tadeln!<br \/>\n<em>(Gertrude Pumberger)<\/em><\/p>\n<p><strong>Woche 4: <\/strong><b>Wilhelm friert<\/b><br \/>\nEs w\u00e4rmt das Schweizer Tierfell,<br \/>\ndrum kauf doch jetzt gleich vier, <a href=\"http:\/\/de.wikipedia.org\/wiki\/Wilhelm_Tell\" target=\"_blank\">Tell<\/a>.<br \/>\n<em>(G\u00fcnther Androsch)<\/em><\/p>\n<p><strong>Woche 3: Morgengrauen<\/strong><br \/>\nDes Morgens kr\u00e4ht der Hahn auch<br \/>\nwenn ich ihn b&#8217;soffen anhauch.<br \/>\n<i>(Christoph Kempter)<\/i><\/p>\n<p><strong>Woche 2: Ausgrabungen<\/strong><br \/>\nWer malt schon in die Schatzkarte,<br \/>\nwo einst die alte Katz scharrte?<br \/>\n<em>(Lucas Mayr)<\/em><\/p>\n<p><strong>Woche 1: Auftragslage<br \/>\n<\/strong>Mit ihrem sch\u00f6nen Kussmund<br \/>\ntat sie mir ein Muss kund.<br \/>\n<em>(Carmen Rosina)<\/em><\/p>\n<p style=\"text-align: right;\">www.verdichtet.at | Kategorie: <a href=\"http:\/\/www.verdichtet.at\/?page_id=422\">Kleinode &#8211; nicht nur an die Freude<\/a><\/p>\n","protected":false},"excerpt":{"rendered":"<p>Ihre Sch\u00fcttler sind herzlich willkommen: redaktion@verdichtet.at Woche 52: O Tannenbaum Wenn ich etwas klarer singe, ich dann wie die Sarah klinge? (Christoph Kempter) Woche 51: Multitalent Die Verk\u00e4uferin, die wandelbare, verkauft uns nicht nur Bandelware. (Christoph Kempter) Woche 50: Am Adventmarkt Hinter diesen Kerzenhaufen kann man Schokoherzen kaufen. (Carmen Rosina) Woche 49: Luther Zweimal die [&hellip;]<\/p>\n","protected":false},"author":4,"featured_media":0,"comment_status":"open","ping_status":"open","sticky":false,"template":"","format":"standard","meta":{"footnotes":""},"categories":[45],"tags":[19],"class_list":["post-709","post","type-post","status-publish","format-standard","hentry","category-zzz-redaktionsarchiv","tag-kleinode-nicht-nur-an-die-freude"],"_links":{"self":[{"href":"http:\/\/www.verdichtet.at\/index.php?rest_route=\/wp\/v2\/posts\/709","targetHints":{"allow":["GET"]}}],"collection":[{"href":"http:\/\/www.verdichtet.at\/index.php?rest_route=\/wp\/v2\/posts"}],"about":[{"href":"http:\/\/www.verdichtet.at\/index.php?rest_route=\/wp\/v2\/types\/post"}],"author":[{"embeddable":true,"href":"http:\/\/www.verdichtet.at\/index.php?rest_route=\/wp\/v2\/users\/4"}],"replies":[{"embeddable":true,"href":"http:\/\/www.verdichtet.at\/index.php?rest_route=%2Fwp%2Fv2%2Fcomments&post=709"}],"version-history":[{"count":89,"href":"http:\/\/www.verdichtet.at\/index.php?rest_route=\/wp\/v2\/posts\/709\/revisions"}],"predecessor-version":[{"id":3666,"href":"http:\/\/www.verdichtet.at\/index.php?rest_route=\/wp\/v2\/posts\/709\/revisions\/3666"}],"wp:attachment":[{"href":"http:\/\/www.verdichtet.at\/index.php?rest_route=%2Fwp%2Fv2%2Fmedia&parent=709"}],"wp:term":[{"taxonomy":"category","embeddable":true,"href":"http:\/\/www.verdichtet.at\/index.php?rest_route=%2Fwp%2Fv2%2Fcategories&post=709"},{"taxonomy":"post_tag","embeddable":true,"href":"http:\/\/www.verdichtet.at\/index.php?rest_route=%2Fwp%2Fv2%2Ftags&post=709"}],"curies":[{"name":"wp","href":"https:\/\/api.w.org\/{rel}","templated":true}]}}