{"id":6599,"date":"2017-05-28T11:34:27","date_gmt":"2017-05-28T11:34:27","guid":{"rendered":"http:\/\/www.verdichtet.at\/?p=6599"},"modified":"2017-06-01T12:56:55","modified_gmt":"2017-06-01T12:56:55","slug":"xxx-6","status":"publish","type":"post","link":"http:\/\/www.verdichtet.at\/?p=6599","title":{"rendered":"Zukunftsmusik"},"content":{"rendered":"<div class=\"pdfprnt-buttons pdfprnt-buttons-post pdfprnt-top-right\"><a href=\"http:\/\/www.verdichtet.at\/index.php?rest_route=wpv2posts6599&print=pdf\" class=\"pdfprnt-button pdfprnt-button-pdf\" target=\"_blank\"><\/a><a href=\"http:\/\/www.verdichtet.at\/index.php?rest_route=wpv2posts6599&print=print\" class=\"pdfprnt-button pdfprnt-button-print\" target=\"_blank\"><\/a><\/div><blockquote><p>Sommer voll F\u00fclle<br \/>\nund Winter voll Not<br \/>\nh\u00f6rt auf euch zu sorgen<br \/>\nnoch seid ihr nicht tot<\/p>\n<p>Tag um Tag dasselbe Leiden<br \/>\nauch du musst mal aus dem Leben scheiden<br \/>\neine L\u00f6sung wollt ihr?<br \/>\nda kann ich nur lachen, der Tod kann nicht gehen<br \/>\nwarum wollt ihr das nicht verstehn?<\/p>\n<p>doch aus dem Nichts<br \/>\neilt die Rettung herbei<br \/>\nmit Paukenschlag und gro\u00dfem Trara<br \/>\ndie Zukunft, die Zukunft, die Zukunft ist da!<\/p>\n<p>\u201eNein, kann nicht sein!<br \/>\nWo kam sie denn her?<br \/>\nLasst doch den Bl\u00f6dsinn,<br \/>\nwir glauben nichts mehr!\u201c<\/p>\n<p>so h\u00f6rt ihr doch zu<br \/>\nso h\u00f6rt sie doch an<br \/>\nso nah war noch niemand an der Zukunft dran<\/p>\n<p>\u201eDie Gegenwart ist unser Herr,<br \/>\nwir b\u00fccken, wir kriechen, wir verbeugen uns sehr.\u201c<\/p>\n<p>so h\u00f6rt ihr doch zu!<br \/>\nso h\u00f6rt sie doch an!<br \/>\nso nah, war noch niemand an der Zukunft dran!<\/p>\n<p>keine Sorgen!<br \/>\nkeine \u00c4ngste!<br \/>\nniemals mehr!<br \/>\nwer wei\u00df schon, wer wei\u00df schon, was sch\u00f6ner w\u00e4r<\/p>\n<p>&#8222;Wir wissen\u2018s! Wir wissen\u2018s!<br \/>\nWir wollen das Leiden,<br \/>\nSo k\u00f6nnen wir wenigstens selber entscheiden!&#8220;<\/p>\n<p>stellt euch nicht so an,<br \/>\nist doch f\u00fcr euch nur ein Vorteil daran<br \/>\nFortschritt ist gut<br \/>\nund Fortschritt ist schlecht<br \/>\nach, was soll\u2018s- schaut, dass ihr am Jetzt zerbrecht<\/p>\n<p>\u201eVerschwinde doch endlich,<br \/>\ndu L\u00fcgner, du Schwindler!<br \/>\nWir stehen auf f\u00fcr Freiheit und Recht,<br \/>\nmal sehen, wer hier an wem zerbricht!\u201c<\/p>\n<p>\u201eAuf, auf in den Krieg, gegen alles Neue<br \/>\nOh liebliches Jetzt, dir schw\u00f6r\u2018n wir die Treue!\u201c<\/p>\n<p>bleibt ruhig sitzen,<br \/>\nihr k\u00f6nnt euch nicht wehr\u2018n<br \/>\ndie Zukunft wird kommen<br \/>\nsie \u00e4ndert euch gern<\/p>\n<p>\u201eLos, an die Waffen!<br \/>\nDas kann doch nicht sein,<br \/>\nmein Schicksal, mein Schicksal ist immer noch mein!\u201c<\/p>\n<p>\u201eLos, weiterk\u00e4mpfen, verteidigt euer Heim!&#8220;<br \/>\nDas kann doch nicht sein,<br \/>\ndie Zukunft, die Zukunft, die Zukunft ist gemein.<\/p>\n<p>\u201eLos, alles geben! Schon fast gewonnen!<br \/>\nNein, das ist nicht richtig \u2026<br \/>\nall unsere Erfolge sind nichtig!\u201c<\/p>\n<p>H\u00f6rt ihr sie kommen?<br \/>\nmit Sirenengeheul und gro\u00dfem Trara<br \/>\ndie Zukunft, die Zukunft, die Zukunft ist da<\/p><\/blockquote>\n<p style=\"text-align: right;\">G\u00fcnther von der Blumenwiese<\/p>\n<p style=\"text-align: right;\">www.verdichtet.at | Kategorie:\u00a0<a title=\"Que ser\u00e1, ser\u00e1?\" href=\"http:\/\/www.verdichtet.at\/?page_id=3081\">\u00bfQu\u00e9 ser\u00e1, ser\u00e1?<\/a> | Inventarnummer: 17127<\/p>\n<p>&nbsp;<\/p>\n<p>&nbsp;<\/p>\n<p>&nbsp;<\/p>\n","protected":false},"excerpt":{"rendered":"<p>Sommer voll F\u00fclle und Winter voll Not h\u00f6rt auf euch zu sorgen noch seid ihr nicht tot Tag um Tag dasselbe Leiden auch du musst mal aus dem Leben scheiden eine L\u00f6sung wollt ihr? da kann ich nur lachen, der Tod kann nicht gehen warum wollt ihr das nicht verstehn? doch aus dem Nichts eilt [&hellip;]<\/p>\n","protected":false},"author":4,"featured_media":0,"comment_status":"open","ping_status":"open","sticky":false,"template":"","format":"standard","meta":{"footnotes":""},"categories":[130],"tags":[93],"class_list":["post-6599","post","type-post","status-publish","format-standard","hentry","category-guenther-von-der-blumenwiese","tag-que-sera-sera"],"_links":{"self":[{"href":"http:\/\/www.verdichtet.at\/index.php?rest_route=\/wp\/v2\/posts\/6599","targetHints":{"allow":["GET"]}}],"collection":[{"href":"http:\/\/www.verdichtet.at\/index.php?rest_route=\/wp\/v2\/posts"}],"about":[{"href":"http:\/\/www.verdichtet.at\/index.php?rest_route=\/wp\/v2\/types\/post"}],"author":[{"embeddable":true,"href":"http:\/\/www.verdichtet.at\/index.php?rest_route=\/wp\/v2\/users\/4"}],"replies":[{"embeddable":true,"href":"http:\/\/www.verdichtet.at\/index.php?rest_route=%2Fwp%2Fv2%2Fcomments&post=6599"}],"version-history":[{"count":6,"href":"http:\/\/www.verdichtet.at\/index.php?rest_route=\/wp\/v2\/posts\/6599\/revisions"}],"predecessor-version":[{"id":6605,"href":"http:\/\/www.verdichtet.at\/index.php?rest_route=\/wp\/v2\/posts\/6599\/revisions\/6605"}],"wp:attachment":[{"href":"http:\/\/www.verdichtet.at\/index.php?rest_route=%2Fwp%2Fv2%2Fmedia&parent=6599"}],"wp:term":[{"taxonomy":"category","embeddable":true,"href":"http:\/\/www.verdichtet.at\/index.php?rest_route=%2Fwp%2Fv2%2Fcategories&post=6599"},{"taxonomy":"post_tag","embeddable":true,"href":"http:\/\/www.verdichtet.at\/index.php?rest_route=%2Fwp%2Fv2%2Ftags&post=6599"}],"curies":[{"name":"wp","href":"https:\/\/api.w.org\/{rel}","templated":true}]}}