{"id":6531,"date":"2017-05-18T16:47:44","date_gmt":"2017-05-18T16:47:44","guid":{"rendered":"http:\/\/www.verdichtet.at\/?p=6531"},"modified":"2018-12-31T12:16:45","modified_gmt":"2018-12-31T12:16:45","slug":"theorien","status":"publish","type":"post","link":"http:\/\/www.verdichtet.at\/?p=6531","title":{"rendered":"Theorien"},"content":{"rendered":"<div class=\"pdfprnt-buttons pdfprnt-buttons-post pdfprnt-top-right\"><a href=\"http:\/\/www.verdichtet.at\/index.php?rest_route=wpv2posts6531&print=pdf\" class=\"pdfprnt-button pdfprnt-button-pdf\" target=\"_blank\"><\/a><a href=\"http:\/\/www.verdichtet.at\/index.php?rest_route=wpv2posts6531&print=print\" class=\"pdfprnt-button pdfprnt-button-print\" target=\"_blank\"><\/a><\/div><p>Als Albert Einstein vor \u00fcber hundert Jahren seine spezielle und die allgemeine Relativit\u00e4tstheorie begr\u00fcndet hatte, blieb alles, wie es war, denn diese beiden Theorien zeichneten das Bild der Wirklichkeit.<\/p>\n<p>Anfang der 1979er Jahre entwickelte man die Stringtheorie, in der man annahm, dass das Universum nicht aus Teilchen, sondern aus Strings besteht. Die Strings sind F\u00e4den ohne Ausdehnung, sie sind also eindimensional. Indem man die Stringtheorie aufstellte, wurde sie wirklich \u2013 in einer bemerkenswerten Weise: Alle Begebnisse ereignen sich auf einer Ebene. Was wir dreidimensional sehen, ist nicht ein tats\u00e4chlicher K\u00f6rper, sondern nur dessen Hologramm. Sozusagen leben wir auf Fotografien. Ist das nicht au\u00dferordentlich verst\u00f6rend?<\/p>\n<p>Eine andere Theorie ist die des Multiversums. Ereignet sich etwas, wie das stets passiert, entsteht f\u00fcr jede M\u00f6glichkeit ein eigenes Universum, was eine gewaltige Anzahl an unterschiedlichen Universen ausmacht, die stets in exponentieller Geschwindigkeit w\u00e4chst. Das Tr\u00f6stende ist, dass es immer einen optimalen Ausgang einer Sache gibt, in dem sich irgendein Ich meiner selbst befindet. Dies ist jetzt Realit\u00e4t geworden.<\/p>\n<p>Die Dunkle Energie, die existieren muss, damit die Theorien Sinn ergeben, und die f\u00fcr ein expandierendes Universum sorgt,\u00a0 soll um null Komma 120 Nullen kleiner sein als errechnet. W\u00fcrde man davon vier Nullen wegnehmen, was somit geschehen ist, ist die Expansionsgeschwindigkeit des Universums so hoch, dass sich keine Materie, wie wir sie kennen, gebildet hat. Die Dunkle Energie ist dann ja aber auch zehn hoch vier, 10 000 Mal, gr\u00f6\u00dfer.<\/p>\n<p style=\"text-align: right;\">Johannes Tosin<\/p>\n<p style=\"text-align: right;\">www.verdichtet.at | Kategorie: <a title=\"Que ser\u00e1, ser\u00e1?\" href=\"http:\/\/www.verdichtet.at\/?page_id=428\">think it over<\/a> | Inventarnummer: 17122<\/p>\n","protected":false},"excerpt":{"rendered":"<p>Als Albert Einstein vor \u00fcber hundert Jahren seine spezielle und die allgemeine Relativit\u00e4tstheorie begr\u00fcndet hatte, blieb alles, wie es war, denn diese beiden Theorien zeichneten das Bild der Wirklichkeit. Anfang der 1979er Jahre entwickelte man die Stringtheorie, in der man annahm, dass das Universum nicht aus Teilchen, sondern aus Strings besteht. Die Strings sind F\u00e4den [&hellip;]<\/p>\n","protected":false},"author":4,"featured_media":0,"comment_status":"open","ping_status":"open","sticky":false,"template":"","format":"standard","meta":{"footnotes":""},"categories":[117],"tags":[17],"class_list":["post-6531","post","type-post","status-publish","format-standard","hentry","category-tosin-johannes","tag-think-it-over"],"_links":{"self":[{"href":"http:\/\/www.verdichtet.at\/index.php?rest_route=\/wp\/v2\/posts\/6531","targetHints":{"allow":["GET"]}}],"collection":[{"href":"http:\/\/www.verdichtet.at\/index.php?rest_route=\/wp\/v2\/posts"}],"about":[{"href":"http:\/\/www.verdichtet.at\/index.php?rest_route=\/wp\/v2\/types\/post"}],"author":[{"embeddable":true,"href":"http:\/\/www.verdichtet.at\/index.php?rest_route=\/wp\/v2\/users\/4"}],"replies":[{"embeddable":true,"href":"http:\/\/www.verdichtet.at\/index.php?rest_route=%2Fwp%2Fv2%2Fcomments&post=6531"}],"version-history":[{"count":1,"href":"http:\/\/www.verdichtet.at\/index.php?rest_route=\/wp\/v2\/posts\/6531\/revisions"}],"predecessor-version":[{"id":6532,"href":"http:\/\/www.verdichtet.at\/index.php?rest_route=\/wp\/v2\/posts\/6531\/revisions\/6532"}],"wp:attachment":[{"href":"http:\/\/www.verdichtet.at\/index.php?rest_route=%2Fwp%2Fv2%2Fmedia&parent=6531"}],"wp:term":[{"taxonomy":"category","embeddable":true,"href":"http:\/\/www.verdichtet.at\/index.php?rest_route=%2Fwp%2Fv2%2Fcategories&post=6531"},{"taxonomy":"post_tag","embeddable":true,"href":"http:\/\/www.verdichtet.at\/index.php?rest_route=%2Fwp%2Fv2%2Ftags&post=6531"}],"curies":[{"name":"wp","href":"https:\/\/api.w.org\/{rel}","templated":true}]}}