{"id":6486,"date":"2017-05-09T17:51:31","date_gmt":"2017-05-09T17:51:31","guid":{"rendered":"http:\/\/www.verdichtet.at\/?p=6486"},"modified":"2017-05-24T05:18:48","modified_gmt":"2017-05-24T05:18:48","slug":"krieg-i","status":"publish","type":"post","link":"http:\/\/www.verdichtet.at\/?p=6486","title":{"rendered":"Krieg I"},"content":{"rendered":"<div class=\"pdfprnt-buttons pdfprnt-buttons-post pdfprnt-top-right\"><a href=\"http:\/\/www.verdichtet.at\/index.php?rest_route=wpv2posts6486&print=pdf\" class=\"pdfprnt-button pdfprnt-button-pdf\" target=\"_blank\"><\/a><a href=\"http:\/\/www.verdichtet.at\/index.php?rest_route=wpv2posts6486&print=print\" class=\"pdfprnt-button pdfprnt-button-print\" target=\"_blank\"><\/a><\/div><blockquote><p>Stimmen bringen ihn zur L\u00e4hmung,<br \/>\ner macht nichts richtig,<br \/>\nVersp\u00e4tungen,<br \/>\nNichts als Versp\u00e4tungen,<br \/>\nEr hasst mich,<br \/>\nwirf mir Fl\u00fcche in die Seele,<br \/>\nkann dir nicht vergeben,<br \/>\nBomben platzen,<br \/>\nso nahe der Abgrund,<br \/>\nein Bild von Aufschlag,<br \/>\nLiegt der Kopf in Tr\u00fcmmern,<br \/>\nwird es still,<br \/>\nEr wird mir vergeben<\/p><\/blockquote>\n<p style=\"text-align: right;\">Florian Pfeffer<\/p>\n<p style=\"text-align: right;\">www.verdichtet.at |\u00a0Kategorie:\u00a0<a href=\"http:\/\/www.verdichtet.at\/?page_id=972\">\u00e4rgstens<\/a> | Inventarnummer: 17109<\/p>\n","protected":false},"excerpt":{"rendered":"<p>Stimmen bringen ihn zur L\u00e4hmung, er macht nichts richtig, Versp\u00e4tungen, Nichts als Versp\u00e4tungen, Er hasst mich, wirf mir Fl\u00fcche in die Seele, kann dir nicht vergeben, Bomben platzen, so nahe der Abgrund, ein Bild von Aufschlag, Liegt der Kopf in Tr\u00fcmmern, wird es still, Er wird mir vergeben Florian Pfeffer www.verdichtet.at |\u00a0Kategorie:\u00a0\u00e4rgstens | Inventarnummer: 17109<\/p>\n","protected":false},"author":4,"featured_media":0,"comment_status":"open","ping_status":"open","sticky":false,"template":"","format":"standard","meta":{"footnotes":""},"categories":[44],"tags":[57],"class_list":["post-6486","post","type-post","status-publish","format-standard","hentry","category-pfeffer-florian","tag-aergstens"],"_links":{"self":[{"href":"http:\/\/www.verdichtet.at\/index.php?rest_route=\/wp\/v2\/posts\/6486","targetHints":{"allow":["GET"]}}],"collection":[{"href":"http:\/\/www.verdichtet.at\/index.php?rest_route=\/wp\/v2\/posts"}],"about":[{"href":"http:\/\/www.verdichtet.at\/index.php?rest_route=\/wp\/v2\/types\/post"}],"author":[{"embeddable":true,"href":"http:\/\/www.verdichtet.at\/index.php?rest_route=\/wp\/v2\/users\/4"}],"replies":[{"embeddable":true,"href":"http:\/\/www.verdichtet.at\/index.php?rest_route=%2Fwp%2Fv2%2Fcomments&post=6486"}],"version-history":[{"count":1,"href":"http:\/\/www.verdichtet.at\/index.php?rest_route=\/wp\/v2\/posts\/6486\/revisions"}],"predecessor-version":[{"id":6487,"href":"http:\/\/www.verdichtet.at\/index.php?rest_route=\/wp\/v2\/posts\/6486\/revisions\/6487"}],"wp:attachment":[{"href":"http:\/\/www.verdichtet.at\/index.php?rest_route=%2Fwp%2Fv2%2Fmedia&parent=6486"}],"wp:term":[{"taxonomy":"category","embeddable":true,"href":"http:\/\/www.verdichtet.at\/index.php?rest_route=%2Fwp%2Fv2%2Fcategories&post=6486"},{"taxonomy":"post_tag","embeddable":true,"href":"http:\/\/www.verdichtet.at\/index.php?rest_route=%2Fwp%2Fv2%2Ftags&post=6486"}],"curies":[{"name":"wp","href":"https:\/\/api.w.org\/{rel}","templated":true}]}}