{"id":6484,"date":"2017-05-09T17:50:06","date_gmt":"2017-05-09T17:50:06","guid":{"rendered":"http:\/\/www.verdichtet.at\/?p=6484"},"modified":"2017-06-17T16:07:20","modified_gmt":"2017-06-17T16:07:20","slug":"eingegraben","status":"publish","type":"post","link":"http:\/\/www.verdichtet.at\/?p=6484","title":{"rendered":"Eingegraben"},"content":{"rendered":"<div class=\"pdfprnt-buttons pdfprnt-buttons-post pdfprnt-top-right\"><a href=\"http:\/\/www.verdichtet.at\/index.php?rest_route=wpv2posts6484&print=pdf\" class=\"pdfprnt-button pdfprnt-button-pdf\" target=\"_blank\"><\/a><a href=\"http:\/\/www.verdichtet.at\/index.php?rest_route=wpv2posts6484&print=print\" class=\"pdfprnt-button pdfprnt-button-print\" target=\"_blank\"><\/a><\/div><blockquote><p>Die Sanduhr l\u00e4ngst abgelaufen,<br \/>\nim Glas wachsen Spr\u00fcnge<br \/>\nWeiche H\u00e4nde sind selten geworden,<br \/>\nSalzwasser und Minustemperaturen<br \/>\nNachts schwimmen Tr\u00e4ume,<br \/>\nMomente kurzer Bewusstlosigkeit<br \/>\nJemand hat den F\u00f6hn in das warme Wasser,<br \/>\nfallen lassen,<br \/>\nSchwarze Erde,<br \/>\nFaulig und matschig gr\u00e4bt man,<br \/>\nnach Samen,<br \/>\nWelche im Fr\u00fchling bl\u00fchen<\/p><\/blockquote>\n<p style=\"text-align: right;\">Florian Pfeffer<\/p>\n<p style=\"text-align: right;\">www.verdichtet.at | Kategorie:\u00a0<a href=\"http:\/\/www.verdichtet.at\/?page_id=972\">\u00e4rgstens<\/a> | Inventarnummer: 17108<\/p>\n","protected":false},"excerpt":{"rendered":"<p>Die Sanduhr l\u00e4ngst abgelaufen, im Glas wachsen Spr\u00fcnge Weiche H\u00e4nde sind selten geworden, Salzwasser und Minustemperaturen Nachts schwimmen Tr\u00e4ume, Momente kurzer Bewusstlosigkeit Jemand hat den F\u00f6hn in das warme Wasser, fallen lassen, Schwarze Erde, Faulig und matschig gr\u00e4bt man, nach Samen, Welche im Fr\u00fchling bl\u00fchen Florian Pfeffer www.verdichtet.at | Kategorie:\u00a0\u00e4rgstens | Inventarnummer: 17108<\/p>\n","protected":false},"author":4,"featured_media":0,"comment_status":"open","ping_status":"open","sticky":false,"template":"","format":"standard","meta":{"footnotes":""},"categories":[44],"tags":[57],"class_list":["post-6484","post","type-post","status-publish","format-standard","hentry","category-pfeffer-florian","tag-aergstens"],"_links":{"self":[{"href":"http:\/\/www.verdichtet.at\/index.php?rest_route=\/wp\/v2\/posts\/6484","targetHints":{"allow":["GET"]}}],"collection":[{"href":"http:\/\/www.verdichtet.at\/index.php?rest_route=\/wp\/v2\/posts"}],"about":[{"href":"http:\/\/www.verdichtet.at\/index.php?rest_route=\/wp\/v2\/types\/post"}],"author":[{"embeddable":true,"href":"http:\/\/www.verdichtet.at\/index.php?rest_route=\/wp\/v2\/users\/4"}],"replies":[{"embeddable":true,"href":"http:\/\/www.verdichtet.at\/index.php?rest_route=%2Fwp%2Fv2%2Fcomments&post=6484"}],"version-history":[{"count":1,"href":"http:\/\/www.verdichtet.at\/index.php?rest_route=\/wp\/v2\/posts\/6484\/revisions"}],"predecessor-version":[{"id":6485,"href":"http:\/\/www.verdichtet.at\/index.php?rest_route=\/wp\/v2\/posts\/6484\/revisions\/6485"}],"wp:attachment":[{"href":"http:\/\/www.verdichtet.at\/index.php?rest_route=%2Fwp%2Fv2%2Fmedia&parent=6484"}],"wp:term":[{"taxonomy":"category","embeddable":true,"href":"http:\/\/www.verdichtet.at\/index.php?rest_route=%2Fwp%2Fv2%2Fcategories&post=6484"},{"taxonomy":"post_tag","embeddable":true,"href":"http:\/\/www.verdichtet.at\/index.php?rest_route=%2Fwp%2Fv2%2Ftags&post=6484"}],"curies":[{"name":"wp","href":"https:\/\/api.w.org\/{rel}","templated":true}]}}