{"id":6469,"date":"2017-05-09T17:34:52","date_gmt":"2017-05-09T17:34:52","guid":{"rendered":"http:\/\/www.verdichtet.at\/?p=6469"},"modified":"2017-06-01T12:53:29","modified_gmt":"2017-06-01T12:53:29","slug":"jahreszeiten-der-gedanken","status":"publish","type":"post","link":"http:\/\/www.verdichtet.at\/?p=6469","title":{"rendered":"Jahreszeiten der Gedanken"},"content":{"rendered":"<div class=\"pdfprnt-buttons pdfprnt-buttons-post pdfprnt-top-right\"><a href=\"http:\/\/www.verdichtet.at\/index.php?rest_route=wpv2posts6469&print=pdf\" class=\"pdfprnt-button pdfprnt-button-pdf\" target=\"_blank\"><\/a><a href=\"http:\/\/www.verdichtet.at\/index.php?rest_route=wpv2posts6469&print=print\" class=\"pdfprnt-button pdfprnt-button-print\" target=\"_blank\"><\/a><\/div><blockquote><p>Verlasse mich nicht,<br \/>\nsch\u00f6ner Fr\u00fchling<br \/>\nJede Nacht kommt der Sommer,<br \/>\nlegt seine H\u00e4nde an meine<br \/>\nBuchstaben flie\u00dfen hinab,<br \/>\numgeben im Nebel des Herbstes,<br \/>\nGanz tief gehen Stufen,<br \/>\nzur winterlichen Eisw\u00fcste<\/p><\/blockquote>\n<p style=\"text-align: right;\">Florian Pfeffer<\/p>\n<p style=\"text-align: right;\">www.verdichtet.at | Kategorie:\u00a0<a href=\"http:\/\/www.verdichtet.at\/?page_id=422\">Kleinode \u2013 nicht nur an die Freude<\/a> | Inventarnummer: 17103<\/p>\n","protected":false},"excerpt":{"rendered":"<p>Verlasse mich nicht, sch\u00f6ner Fr\u00fchling Jede Nacht kommt der Sommer, legt seine H\u00e4nde an meine Buchstaben flie\u00dfen hinab, umgeben im Nebel des Herbstes, Ganz tief gehen Stufen, zur winterlichen Eisw\u00fcste Florian Pfeffer www.verdichtet.at | Kategorie:\u00a0Kleinode \u2013 nicht nur an die Freude | Inventarnummer: 17103<\/p>\n","protected":false},"author":4,"featured_media":0,"comment_status":"open","ping_status":"open","sticky":false,"template":"","format":"standard","meta":{"footnotes":""},"categories":[44],"tags":[19],"class_list":["post-6469","post","type-post","status-publish","format-standard","hentry","category-pfeffer-florian","tag-kleinode-nicht-nur-an-die-freude"],"_links":{"self":[{"href":"http:\/\/www.verdichtet.at\/index.php?rest_route=\/wp\/v2\/posts\/6469","targetHints":{"allow":["GET"]}}],"collection":[{"href":"http:\/\/www.verdichtet.at\/index.php?rest_route=\/wp\/v2\/posts"}],"about":[{"href":"http:\/\/www.verdichtet.at\/index.php?rest_route=\/wp\/v2\/types\/post"}],"author":[{"embeddable":true,"href":"http:\/\/www.verdichtet.at\/index.php?rest_route=\/wp\/v2\/users\/4"}],"replies":[{"embeddable":true,"href":"http:\/\/www.verdichtet.at\/index.php?rest_route=%2Fwp%2Fv2%2Fcomments&post=6469"}],"version-history":[{"count":1,"href":"http:\/\/www.verdichtet.at\/index.php?rest_route=\/wp\/v2\/posts\/6469\/revisions"}],"predecessor-version":[{"id":6470,"href":"http:\/\/www.verdichtet.at\/index.php?rest_route=\/wp\/v2\/posts\/6469\/revisions\/6470"}],"wp:attachment":[{"href":"http:\/\/www.verdichtet.at\/index.php?rest_route=%2Fwp%2Fv2%2Fmedia&parent=6469"}],"wp:term":[{"taxonomy":"category","embeddable":true,"href":"http:\/\/www.verdichtet.at\/index.php?rest_route=%2Fwp%2Fv2%2Fcategories&post=6469"},{"taxonomy":"post_tag","embeddable":true,"href":"http:\/\/www.verdichtet.at\/index.php?rest_route=%2Fwp%2Fv2%2Ftags&post=6469"}],"curies":[{"name":"wp","href":"https:\/\/api.w.org\/{rel}","templated":true}]}}