{"id":5155,"date":"2016-10-01T18:28:48","date_gmt":"2016-10-01T18:28:48","guid":{"rendered":"http:\/\/www.verdichtet.at\/?p=5155"},"modified":"2016-10-06T08:43:13","modified_gmt":"2016-10-06T08:43:13","slug":"das-absolute-nichts","status":"publish","type":"post","link":"http:\/\/www.verdichtet.at\/?p=5155","title":{"rendered":"Das absolute Nichts"},"content":{"rendered":"<div class=\"pdfprnt-buttons pdfprnt-buttons-post pdfprnt-top-right\"><a href=\"http:\/\/www.verdichtet.at\/index.php?rest_route=wpv2posts5155&print=pdf\" class=\"pdfprnt-button pdfprnt-button-pdf\" target=\"_blank\"><\/a><a href=\"http:\/\/www.verdichtet.at\/index.php?rest_route=wpv2posts5155&print=print\" class=\"pdfprnt-button pdfprnt-button-print\" target=\"_blank\"><\/a><\/div><p>Das ist das absolute Nichts, das allumfassendste \u00dcberhauptgarnichts. \u2013 Ich bin wach, ich bin ganz sicher wach. Ich bin da. Ich sp\u00fcre aber nichts. Sp\u00fcre ich was? \u2013 N\u00f6.<br \/>\nSehe ich, h\u00f6re ich? Kann nicht die Rede davon sein, welche Rede? Ich kann ja auch nicht sprechen, auch wenn ich wirklich will: Hallo, alle miteinander! Ist da jemand?<br \/>\nIch hab das nicht geh\u00f6rt, obwohl ich\u2019s gesagt hab. Ich rufe. Wahrscheinlich hat das auch niemand geh\u00f6rt, vielleicht kann ich gar nicht rufen. Noch einmal: Hallo?!<br \/>\nAlso ich hab\u2019s nicht geh\u00f6rt. Wie soll das dann wer anderer h\u00f6ren? \u2013 Kann ich nicht nur nicht rufen oder bin ich auch taub? Ich h\u00f6re jedenfalls nichts. H\u00f6re ich was? Nein.<br \/>\nIch sp\u00fcr auch gar nichts.<\/p>\n<p>Was gibt\u2019s sonst noch, au\u00dfer sehen und h\u00f6ren und sp\u00fcren, &#8230; ja: Riechen! &#8230; Ich rieche aber auch nichts. Was ist das? Bist du der Himmel? Das Fegefeuer? Die H\u00f6lle?<br \/>\nNein. Ich bin da, irgendwie zumindest. Und ich hoffe sehr, diese Sache jetzt m\u00f6glichst schnell regeln zu k\u00f6nnen, hab schlie\u00dflich anderes zu tun. Hoffentlich bin ich nicht tot und der ganze Zinnober hat nichts mit Religion zu tun.<br \/>\nAber: Ich denke, also bin ich, ergo sum. Haha! \u2013 ja, ich denke &#8230; also bin ich &#8230; aber was?<br \/>\nWer bin ich? Was bin ich? Ich bin ein Mann. Ja. \u2013 Und es gibt Frauen, aber ich bin keine, haha, ich bin ein Mann, das sp\u00fcr ich.<br \/>\nSp\u00fcr ich was? \u2013 Eigentlich nicht. Wie geht Sp\u00fcren? Ich werde jetzt meine H\u00e4nde sp\u00fcren, ich werde jetzt den Stinkefinger zeigen, den rechten Mittelfinger strecken \u2013 ich w\u00fcrde jetzt gerne sehen, ob er sich bewegt, bewegt er sich?<\/p>\n<p>Aber da: Da ist doch was, ich sp\u00fcr was. Ist das im Kopf, im Herz, auf der Haut? Da! Ich hab es schon wieder gesp\u00fcrt, ich glaub, es war in der Nase, so ein ganz leichtes Kribbeln. Na eben.<br \/>\nIch sp\u00fcre was in der Nase, also bin ich. Also &#8230; ich wei\u00df, wo meine Nase sitzt &#8230; gesp\u00fcrt habe ich da aber eigentlich nichts.<br \/>\nSehen? \u2013 No; Sp\u00fcren? \u2013 No; H\u00f6ren? \u2013 No; Riechen \u2013 No. Aber Denken? \u2013 Yes.<br \/>\nDenken geh\u00f6rt nicht zu den f\u00fcnf Sinnen. Sehen, H\u00f6ren, Riechen, Sp\u00fcren \u2013 was geh\u00f6rt, verdammt noch einmal, noch dazu? Fluchen sicher nicht.<br \/>\nAh! Schmecken! Aber was soll ich schmecken, wenn ich nicht in ein Steak reinbei\u00dfen kann? Fl\u00f6\u00dft mir ein Bier ein, damit ich wei\u00df, ob ich schmecken kann &#8230;<br \/>\nIhr? Ja, es gibt andere. Es gibt andere und irgendwann wird wer kommen, und dann werd ich &#8230; was werd ich dann &#8230;? Ich werde gar nichts machen k\u00f6nnen \u2013 ich kann mich jetzt nur konzentrieren.<\/p>\n<p>Ha! Ich h\u00f6r was &#8230; ich muss mich konzentrieren.<br \/>\nJa, ich h\u00f6re was. Aber was?<br \/>\nEs ist ein leises, grunzendes, ja zufriedenes Schnarchen. Juhuu, ich kann wieder h\u00f6ren: Es macht \u201agrunz-schnarch-grunz-schnarch\u2019! Da ist wer! Wer ist da? Wer schl\u00e4ft da neben mir?<br \/>\nNein. Da ist niemand, es ist der Atem. Gut. Es ist mein Atem. Ich atme! Er klingt zwar ungesund, aber immerhin. Ich h\u00f6re jetzt, ich atme!<br \/>\nDas \u201aGrunz-schnarch\u2018 ist jetzt mehr ein \u201aDuff-duff, duff-duff\u2018. Das k\u00f6nnt mein Herz sein. Haha! Mein Herz pumpt! Mein Herz pumpt und ich atme! Ich lebe! Jetzt kl\u00e4ren wir noch den Rest und dann geht\u2018s weiter, ich habe viel zu tun.<br \/>\nDas Duff piepst jetzt auch. Jetzt macht es Pieps, so wie vorher das Duff!\u00a0 \u2013 Immer wenn es Duff macht, macht es auch Pieps. Es ist mein Herz! Ich sp\u00fcr was, h\u00f6r was, atme und mein Herz piepst \u2013 ich lebe! \u2013 Hurra, ich lebe.<br \/>\nHa! Ich liege im Spital. Schlimmer noch wahrscheinlich: auf der Intensivstation. Aber wieso?<\/p>\n<p>Wer bin ich? Ich hab\u2018s: Ich bin Christian, Christian Oberegger, geboren am 27. Juni 1996 in Eferding an der Donau. Ich bin r\u00f6misch-katholisch, hab meinen Milit\u00e4rdienst absolviert und soll am Montag &#8230; ist heute schon Montag? &#8230; nach Frankfurt fahren.<br \/>\nWarum wird das \u201aDuff-duff\u2018 langsamer? Kann da, bittesch\u00f6n, nicht wer kommen und sich um mich k\u00fcmmern?!<br \/>\nWas war da los?<br \/>\nIch war, wie es scheint, ziemlich betrunken. Ja.<br \/>\nAber wo?<br \/>\nHaha, ja! Am Nachmittag haben wir es uns schon ziemlich besorgt, haha, ja genau, der Ferdi, der Andi und ich. Ja, hahaha, und dann sind wir nach Linz, der Andi ist gefahren.<br \/>\nGenau, haha. Dann hat es diese Sache mit dem M\u00e4del gegeben, sie hat geschrien und ich, wir alle, wollten schnell weg. Ja, ich bin dann gefahren, das war sicher keine gute Idee, so wie ich schon beinander war.<\/p>\n<p>Warum ist das \u201aDuff-duff\u2018 so langsam?<br \/>\nDer Andi hat gesagt: Nimm den Schleichweg, auf der Hauptstra\u00dfe stehen sicher die Bullen, das M\u00e4del, wei\u00df gar nicht, wie sie hei\u00dft, wir haben sie mitgenommen, das war die Idee vom Ferdi, das war nicht meine Idee, ich schw\u00f6r\u2018s, sie hat die ganze Zeit geschrien, auch ihre Freundin oder Schwester, noch j\u00fcnger als die andere, Andi hat sie ins Auto gezogen, kurz vorm Wegfahren.<br \/>\nIch h\u00f6r es: Da ist nicht nur das \u201aDuff-duff\u2018, da piepst es jetzt auch.<br \/>\nMitten im Nichts ist dann in der Kurve dieser vertrottelte Traktor gekommen, was will der da um diese Tageszeit, hab ich mir noch gedacht, wir sind volle Kanne reingekracht in ihn.<br \/>\nWarum h\u00f6rt das Tuten nicht auf, warum tutet es jetzt dauernd &#8230;<\/p>\n<p style=\"text-align: right;\">Christoph Stantejsky<\/p>\n<p style=\"text-align: right;\">www.verdichtet.at | Kategorie: <a href=\"http:\/\/www.verdichtet.at\/?page_id=972\">\u00e4rgstens<\/a> | Inventarnummer: 16124<\/p>\n","protected":false},"excerpt":{"rendered":"<p>Das ist das absolute Nichts, das allumfassendste \u00dcberhauptgarnichts. \u2013 Ich bin wach, ich bin ganz sicher wach. Ich bin da. Ich sp\u00fcre aber nichts. Sp\u00fcre ich was? \u2013 N\u00f6. Sehe ich, h\u00f6re ich? Kann nicht die Rede davon sein, welche Rede? Ich kann ja auch nicht sprechen, auch wenn ich wirklich will: Hallo, alle miteinander! [&hellip;]<\/p>\n","protected":false},"author":4,"featured_media":0,"comment_status":"open","ping_status":"open","sticky":false,"template":"","format":"standard","meta":{"footnotes":""},"categories":[72],"tags":[57],"class_list":["post-5155","post","type-post","status-publish","format-standard","hentry","category-stantejsky-christoph","tag-aergstens"],"_links":{"self":[{"href":"http:\/\/www.verdichtet.at\/index.php?rest_route=\/wp\/v2\/posts\/5155","targetHints":{"allow":["GET"]}}],"collection":[{"href":"http:\/\/www.verdichtet.at\/index.php?rest_route=\/wp\/v2\/posts"}],"about":[{"href":"http:\/\/www.verdichtet.at\/index.php?rest_route=\/wp\/v2\/types\/post"}],"author":[{"embeddable":true,"href":"http:\/\/www.verdichtet.at\/index.php?rest_route=\/wp\/v2\/users\/4"}],"replies":[{"embeddable":true,"href":"http:\/\/www.verdichtet.at\/index.php?rest_route=%2Fwp%2Fv2%2Fcomments&post=5155"}],"version-history":[{"count":2,"href":"http:\/\/www.verdichtet.at\/index.php?rest_route=\/wp\/v2\/posts\/5155\/revisions"}],"predecessor-version":[{"id":5157,"href":"http:\/\/www.verdichtet.at\/index.php?rest_route=\/wp\/v2\/posts\/5155\/revisions\/5157"}],"wp:attachment":[{"href":"http:\/\/www.verdichtet.at\/index.php?rest_route=%2Fwp%2Fv2%2Fmedia&parent=5155"}],"wp:term":[{"taxonomy":"category","embeddable":true,"href":"http:\/\/www.verdichtet.at\/index.php?rest_route=%2Fwp%2Fv2%2Fcategories&post=5155"},{"taxonomy":"post_tag","embeddable":true,"href":"http:\/\/www.verdichtet.at\/index.php?rest_route=%2Fwp%2Fv2%2Ftags&post=5155"}],"curies":[{"name":"wp","href":"https:\/\/api.w.org\/{rel}","templated":true}]}}