{"id":4284,"date":"2016-04-16T16:07:20","date_gmt":"2016-04-16T16:07:20","guid":{"rendered":"http:\/\/www.verdichtet.at\/?p=4284"},"modified":"2016-04-21T10:11:09","modified_gmt":"2016-04-21T10:11:09","slug":"morgenroete","status":"publish","type":"post","link":"http:\/\/www.verdichtet.at\/?p=4284","title":{"rendered":"Morgenr\u00f6te"},"content":{"rendered":"<div class=\"pdfprnt-buttons pdfprnt-buttons-post pdfprnt-top-right\"><a href=\"http:\/\/www.verdichtet.at\/index.php?rest_route=wpv2posts4284&print=pdf\" class=\"pdfprnt-button pdfprnt-button-pdf\" target=\"_blank\"><\/a><a href=\"http:\/\/www.verdichtet.at\/index.php?rest_route=wpv2posts4284&print=print\" class=\"pdfprnt-button pdfprnt-button-print\" target=\"_blank\"><\/a><\/div><blockquote><p>In jener langen, kalten Nacht<br \/>\nVon der bei mir bis heut<br \/>\nManch graues Haar<br \/>\nUnd leider auch<br \/>\nDas eine oder andre<br \/>\nZ\u00e4hneweh<br \/>\nB\u00e4nde voller Worte spricht<br \/>\nIn dieser furchtbar finst\u2018ren Nacht<br \/>\nGenau gesagt zu deren<br \/>\nAllerpeinlichst d\u00fcst\u2018ren Stunde<br \/>\nLeuchtet mir<br \/>\nIch fass es nicht<br \/>\nComtesse, ihr g\u00fcldenroter Schopf &#8211;<br \/>\nDie Fahne einer \u00dcbermacht.<\/p>\n<p>Dies Lockengel\u00e4ut<br \/>\nIst es denn wahr?<br \/>\nUnd, wenn ich n\u00e4her komme auch?<br \/>\nK\u00f6nnt\u2018s nicht, wenn ich zu ihm wandere<br \/>\nSein, herrjeh,<br \/>\nDass dieser Schopf erlischt!<br \/>\nUnd wieder grottenfinst\u2018re Nacht<br \/>\nImmerw\u00e4hrend w\u00e4hrt?<br \/>\nSo sitz ich in der Biertisch-Runde<br \/>\nDa trifft mich ihrer Augen Licht<br \/>\nDa denk ich, steh schon auf, du Tropf!<\/p>\n<p>Und drau\u00dfen in der Winternacht<br \/>\nEs war schon eine heitere<br \/>\nEine, die ein wenig lacht,<br \/>\nWar dann alles Weitere<br \/>\nEigentlich schon abgemacht.<\/p><\/blockquote>\n<p style=\"text-align: right;\">Bernd Remsing<br \/>\n<a href=\"http:\/\/fm4.orf.at\/stories\/1704846\/\" target=\"_blank\">http:\/\/fm4.orf.at\/stories\/1704846\/<\/a><\/p>\n<p style=\"text-align: right;\">www.verdichtet.at | Kategorie: <a title=\"s\u00fcffig\" href=\"http:\/\/www.verdichtet.at\/?page_id=1490\">s\u00fcffig<\/a> | Inventarnummer: 16044<\/p>\n","protected":false},"excerpt":{"rendered":"<p>In jener langen, kalten Nacht Von der bei mir bis heut Manch graues Haar Und leider auch Das eine oder andre Z\u00e4hneweh B\u00e4nde voller Worte spricht In dieser furchtbar finst\u2018ren Nacht Genau gesagt zu deren Allerpeinlichst d\u00fcst\u2018ren Stunde Leuchtet mir Ich fass es nicht Comtesse, ihr g\u00fcldenroter Schopf &#8211; Die Fahne einer \u00dcbermacht. Dies Lockengel\u00e4ut [&hellip;]<\/p>\n","protected":false},"author":4,"featured_media":0,"comment_status":"open","ping_status":"open","sticky":false,"template":"","format":"standard","meta":{"footnotes":""},"categories":[100],"tags":[67],"class_list":["post-4284","post","type-post","status-publish","format-standard","hentry","category-remsing-bernd","tag-sueffig"],"_links":{"self":[{"href":"http:\/\/www.verdichtet.at\/index.php?rest_route=\/wp\/v2\/posts\/4284","targetHints":{"allow":["GET"]}}],"collection":[{"href":"http:\/\/www.verdichtet.at\/index.php?rest_route=\/wp\/v2\/posts"}],"about":[{"href":"http:\/\/www.verdichtet.at\/index.php?rest_route=\/wp\/v2\/types\/post"}],"author":[{"embeddable":true,"href":"http:\/\/www.verdichtet.at\/index.php?rest_route=\/wp\/v2\/users\/4"}],"replies":[{"embeddable":true,"href":"http:\/\/www.verdichtet.at\/index.php?rest_route=%2Fwp%2Fv2%2Fcomments&post=4284"}],"version-history":[{"count":4,"href":"http:\/\/www.verdichtet.at\/index.php?rest_route=\/wp\/v2\/posts\/4284\/revisions"}],"predecessor-version":[{"id":4288,"href":"http:\/\/www.verdichtet.at\/index.php?rest_route=\/wp\/v2\/posts\/4284\/revisions\/4288"}],"wp:attachment":[{"href":"http:\/\/www.verdichtet.at\/index.php?rest_route=%2Fwp%2Fv2%2Fmedia&parent=4284"}],"wp:term":[{"taxonomy":"category","embeddable":true,"href":"http:\/\/www.verdichtet.at\/index.php?rest_route=%2Fwp%2Fv2%2Fcategories&post=4284"},{"taxonomy":"post_tag","embeddable":true,"href":"http:\/\/www.verdichtet.at\/index.php?rest_route=%2Fwp%2Fv2%2Ftags&post=4284"}],"curies":[{"name":"wp","href":"https:\/\/api.w.org\/{rel}","templated":true}]}}