{"id":20200,"date":"2025-06-08T13:51:14","date_gmt":"2025-06-08T13:51:14","guid":{"rendered":"http:\/\/www.verdichtet.at\/?p=20200"},"modified":"2025-06-14T15:11:34","modified_gmt":"2025-06-14T15:11:34","slug":"zensur","status":"publish","type":"post","link":"http:\/\/www.verdichtet.at\/?p=20200","title":{"rendered":"Zensur"},"content":{"rendered":"<div class=\"pdfprnt-buttons pdfprnt-buttons-post pdfprnt-top-right\"><a href=\"http:\/\/www.verdichtet.at\/index.php?rest_route=wpv2posts20200&print=pdf\" class=\"pdfprnt-button pdfprnt-button-pdf\" target=\"_blank\"><\/a><a href=\"http:\/\/www.verdichtet.at\/index.php?rest_route=wpv2posts20200&print=print\" class=\"pdfprnt-button pdfprnt-button-print\" target=\"_blank\"><\/a><\/div><blockquote><p>Pass auf, sie woll\u2019n dich kontrollieren,<br \/>\ndich behindern, ausquartieren<br \/>\naus deiner Gedanken Reich.<br \/>\nHier, und jetzt, wom\u00f6glich gleich.<\/p>\n<p>Versuchen dich zu unterdr\u00fccken,<br \/>\nsehen ihren Plan missgl\u00fccken<br \/>\ndich zu formen und zu kneten,<br \/>\nam liebsten m\u00f6chten sie dich treten.<\/p>\n<p>Hassen deine \u00c4u\u00dferungen,<br \/>\nwar\u2019n sie allzu sehr gelungen,<br \/>\n\u00fcber ihre Machenschaften,<br \/>\nwas sie ordentlich erschreckt,<br \/>\nund sie f\u00fchl\u2019n sich aufgedeckt.<\/p>\n<p>Streichen deine Publizierung<br \/>\nrestriktiv in ihrer F\u00fchrung.<br \/>\nNutzen staatliche Instanzen<br \/>\nmittels Druck, durch ihre Schranzen.<\/p>\n<p>Massenmedien, frei zug\u00e4nglich,<br \/>\neingeschr\u00e4nkt und unverf\u00e4nglich<br \/>\nin neuen Kontext gepresst,<br \/>\nwie\u2019s beliebt, so steht es fest.<\/p>\n<p>Den Diskurs zu kontrollieren,<br \/>\nWettbewerb zu suspendieren,<br \/>\njedes Mittel ist erlaubt,<br \/>\nwird an der Zensur geschraubt.<\/p>\n<p>Ziel ist es, die blo\u00dfen, nackten<br \/>\nInhalte und ihre Fakten<br \/>\nim Sinne ihres Geist\u2019s vernichten<br \/>\nund hernach dich hinzurichten.<\/p>\n<p>Dazu kommt, dass die Gerichte<br \/>\ndie Zensuren und Berichte<br \/>\n\u00fcber die Zensur verbieten,<br \/>\nweil sie ihr System verrieten.<\/p>\n<div id=\"attachment_20205\" style=\"width: 363px\" class=\"wp-caption aligncenter\"><a href=\"http:\/\/www.verdichtet.at\/wp-content\/uploads\/2025\/06\/zensur.jpg\"><img loading=\"lazy\" decoding=\"async\" aria-describedby=\"caption-attachment-20205\" class=\"size-full wp-image-20205\" src=\"http:\/\/www.verdichtet.at\/wp-content\/uploads\/2025\/06\/zensur.jpg\" alt=\"Copyright: Norbert Johannes Prenner\" width=\"353\" height=\"500\" srcset=\"http:\/\/www.verdichtet.at\/wp-content\/uploads\/2025\/06\/zensur.jpg 353w, http:\/\/www.verdichtet.at\/wp-content\/uploads\/2025\/06\/zensur-212x300.jpg 212w\" sizes=\"auto, (max-width: 353px) 100vw, 353px\" \/><\/a><p id=\"caption-attachment-20205\" class=\"wp-caption-text\">Copyright: Norbert Johannes Prenner<\/p><\/div><\/blockquote>\n<p>&nbsp;<\/p>\n<p style=\"text-align: right;\">Norbert Johannes Prenner (Text und Grafik)<\/p>\n<p style=\"text-align: right;\">www.verdichtet.at | Kategorie: <a href=\"http:\/\/www.verdichtet.at\/?page_id=972\">\u00e4rgstens<\/a> | Inventarnummer: 25124<\/p>\n","protected":false},"excerpt":{"rendered":"<p>Pass auf, sie woll\u2019n dich kontrollieren, dich behindern, ausquartieren aus deiner Gedanken Reich. Hier, und jetzt, wom\u00f6glich gleich. Versuchen dich zu unterdr\u00fccken, sehen ihren Plan missgl\u00fccken dich zu formen und zu kneten, am liebsten m\u00f6chten sie dich treten. Hassen deine \u00c4u\u00dferungen, war\u2019n sie allzu sehr gelungen, \u00fcber ihre Machenschaften, was sie ordentlich erschreckt, und sie [&hellip;]<\/p>\n","protected":false},"author":4,"featured_media":0,"comment_status":"open","ping_status":"open","sticky":false,"template":"","format":"standard","meta":{"footnotes":""},"categories":[79],"tags":[57],"class_list":["post-20200","post","type-post","status-publish","format-standard","hentry","category-prenner-norbert-johannes","tag-aergstens"],"_links":{"self":[{"href":"http:\/\/www.verdichtet.at\/index.php?rest_route=\/wp\/v2\/posts\/20200","targetHints":{"allow":["GET"]}}],"collection":[{"href":"http:\/\/www.verdichtet.at\/index.php?rest_route=\/wp\/v2\/posts"}],"about":[{"href":"http:\/\/www.verdichtet.at\/index.php?rest_route=\/wp\/v2\/types\/post"}],"author":[{"embeddable":true,"href":"http:\/\/www.verdichtet.at\/index.php?rest_route=\/wp\/v2\/users\/4"}],"replies":[{"embeddable":true,"href":"http:\/\/www.verdichtet.at\/index.php?rest_route=%2Fwp%2Fv2%2Fcomments&post=20200"}],"version-history":[{"count":5,"href":"http:\/\/www.verdichtet.at\/index.php?rest_route=\/wp\/v2\/posts\/20200\/revisions"}],"predecessor-version":[{"id":20206,"href":"http:\/\/www.verdichtet.at\/index.php?rest_route=\/wp\/v2\/posts\/20200\/revisions\/20206"}],"wp:attachment":[{"href":"http:\/\/www.verdichtet.at\/index.php?rest_route=%2Fwp%2Fv2%2Fmedia&parent=20200"}],"wp:term":[{"taxonomy":"category","embeddable":true,"href":"http:\/\/www.verdichtet.at\/index.php?rest_route=%2Fwp%2Fv2%2Fcategories&post=20200"},{"taxonomy":"post_tag","embeddable":true,"href":"http:\/\/www.verdichtet.at\/index.php?rest_route=%2Fwp%2Fv2%2Ftags&post=20200"}],"curies":[{"name":"wp","href":"https:\/\/api.w.org\/{rel}","templated":true}]}}