{"id":19996,"date":"2025-05-01T16:15:15","date_gmt":"2025-05-01T16:15:15","guid":{"rendered":"http:\/\/www.verdichtet.at\/?p=19996"},"modified":"2025-05-03T16:15:23","modified_gmt":"2025-05-03T16:15:23","slug":"archiv-april-2025","status":"publish","type":"post","link":"http:\/\/www.verdichtet.at\/?p=19996","title":{"rendered":"Archiv April 2025"},"content":{"rendered":"<div class=\"pdfprnt-buttons pdfprnt-buttons-post pdfprnt-top-right\"><a href=\"http:\/\/www.verdichtet.at\/index.php?rest_route=wpv2posts19996&print=pdf\" class=\"pdfprnt-button pdfprnt-button-pdf\" target=\"_blank\"><\/a><a href=\"http:\/\/www.verdichtet.at\/index.php?rest_route=wpv2posts19996&print=print\" class=\"pdfprnt-button pdfprnt-button-print\" target=\"_blank\"><\/a><\/div><p>26.4.25: <a href=\"http:\/\/www.verdichtet.at\/?p=19908\">Norbert Johannes Prenner: Durchhalten<\/a><br \/>\n26.4.25: <a href=\"http:\/\/www.verdichtet.at\/?p=19892\">Norbert Johannes Prenner: F\u00e4lschung<\/a><br \/>\n26.4.25: <a href=\"http:\/\/www.verdichtet.at\/?p=19915\">Carmen Rosina: Susi, die KI, redet mit Paul, dem Chef<\/a><br \/>\n26.4.25: <a href=\"http:\/\/www.verdichtet.at\/?p=19904\">Claudia L\u00fcer: Neues Licht<\/a><br \/>\n26.4.25: <a href=\"http:\/\/www.verdichtet.at\/?p=19896\">Cornelia Hell: Freundschaft Plus<\/a><br \/>\n26.4.25: <a href=\"http:\/\/www.verdichtet.at\/?p=19316\">Johannes Tosin: Im Jahr 2024 in M\u00f6derndorf<\/a><br \/>\n26.4.25: <a href=\"http:\/\/www.verdichtet.at\/?p=19320\">Johannes Tosin: Stein und Kohle<\/a><br \/>\n20.4.25: <a href=\"http:\/\/www.verdichtet.at\/?p=19636\">Michael Timoschek: (F)Eiernockerln mit gr\u00fcnem Salat<\/a><br \/>\n20.4.25: <a href=\"http:\/\/www.verdichtet.at\/?p=18919\">Johannes Tosin: Graviton<\/a><br \/>\n20.4.25: <a href=\"http:\/\/www.verdichtet.at\/?p=19871\">Norbert Johannes Prenner: Wenn \u2026<\/a><br \/>\n20.4.25: <a href=\"http:\/\/www.verdichtet.at\/?p=19250\">Johannes Tosin: Der Z\u00e4hler<\/a><br \/>\n20.4.25: <a href=\"http:\/\/www.verdichtet.at\/?p=19875\">Michael Bauer: Erinnertes, Geschriebenes<\/a><br \/>\n12.4.25: <a href=\"http:\/\/www.verdichtet.at\/?p=19822\">Cornelia Hell: Ein alter Freund<\/a><br \/>\n12.4.25: <a href=\"http:\/\/www.verdichtet.at\/?p=18822\">Johannes Tosin: Fort von hier<\/a><br \/>\n12.4.25: <a href=\"http:\/\/www.verdichtet.at\/?p=19826\">Norbert Johannes Prenner: Unter Verdacht<\/a><br \/>\n12.4.25: <a href=\"http:\/\/www.verdichtet.at\/?p=18810\">Johannes Tosin: Getreide<\/a><br \/>\n5.4.25: <a href=\"http:\/\/www.verdichtet.at\/?p=19849\">Bernd Remsing: Morgen<\/a><br \/>\n5.4.25: <a href=\"http:\/\/www.verdichtet.at\/?p=19782\">Frank Joussen: Die Wohlger\u00fcche deines Gartens<\/a><br \/>\n5.4.25: <a href=\"http:\/\/www.verdichtet.at\/?p=19829\">Norbert Johannes Prenner: Unordnung<\/a><br \/>\n5.4.25: <a href=\"http:\/\/www.verdichtet.at\/?p=19819\">Cornelia Hell: Angsthase adieu<\/a><br \/>\n5.4.25: <a href=\"http:\/\/www.verdichtet.at\/?p=19102\">Johannes Tosin: Meerrettich<\/a><br \/>\n5.4.25: <a href=\"http:\/\/www.verdichtet.at\/?p=19768\">Wilfried Ledolter: In der Teebox<\/a><br \/>\n5.4.25: <a href=\"http:\/\/www.verdichtet.at\/?p=18806\">Johannes Tosin: Die Roboter-Gegenwart<\/a><\/p>\n","protected":false},"excerpt":{"rendered":"<p>26.4.25: Norbert Johannes Prenner: Durchhalten 26.4.25: Norbert Johannes Prenner: F\u00e4lschung 26.4.25: Carmen Rosina: Susi, die KI, redet mit Paul, dem Chef 26.4.25: Claudia L\u00fcer: Neues Licht 26.4.25: Cornelia Hell: Freundschaft Plus 26.4.25: Johannes Tosin: Im Jahr 2024 in M\u00f6derndorf 26.4.25: Johannes Tosin: Stein und Kohle 20.4.25: Michael Timoschek: (F)Eiernockerln mit gr\u00fcnem Salat 20.4.25: Johannes Tosin: [&hellip;]<\/p>\n","protected":false},"author":4,"featured_media":0,"comment_status":"open","ping_status":"open","sticky":false,"template":"","format":"standard","meta":{"footnotes":""},"categories":[45],"tags":[],"class_list":["post-19996","post","type-post","status-publish","format-standard","hentry","category-zzz-redaktionsarchiv"],"_links":{"self":[{"href":"http:\/\/www.verdichtet.at\/index.php?rest_route=\/wp\/v2\/posts\/19996","targetHints":{"allow":["GET"]}}],"collection":[{"href":"http:\/\/www.verdichtet.at\/index.php?rest_route=\/wp\/v2\/posts"}],"about":[{"href":"http:\/\/www.verdichtet.at\/index.php?rest_route=\/wp\/v2\/types\/post"}],"author":[{"embeddable":true,"href":"http:\/\/www.verdichtet.at\/index.php?rest_route=\/wp\/v2\/users\/4"}],"replies":[{"embeddable":true,"href":"http:\/\/www.verdichtet.at\/index.php?rest_route=%2Fwp%2Fv2%2Fcomments&post=19996"}],"version-history":[{"count":1,"href":"http:\/\/www.verdichtet.at\/index.php?rest_route=\/wp\/v2\/posts\/19996\/revisions"}],"predecessor-version":[{"id":19997,"href":"http:\/\/www.verdichtet.at\/index.php?rest_route=\/wp\/v2\/posts\/19996\/revisions\/19997"}],"wp:attachment":[{"href":"http:\/\/www.verdichtet.at\/index.php?rest_route=%2Fwp%2Fv2%2Fmedia&parent=19996"}],"wp:term":[{"taxonomy":"category","embeddable":true,"href":"http:\/\/www.verdichtet.at\/index.php?rest_route=%2Fwp%2Fv2%2Fcategories&post=19996"},{"taxonomy":"post_tag","embeddable":true,"href":"http:\/\/www.verdichtet.at\/index.php?rest_route=%2Fwp%2Fv2%2Ftags&post=19996"}],"curies":[{"name":"wp","href":"https:\/\/api.w.org\/{rel}","templated":true}]}}