{"id":19904,"date":"2025-04-23T18:13:30","date_gmt":"2025-04-23T18:13:30","guid":{"rendered":"http:\/\/www.verdichtet.at\/?p=19904"},"modified":"2026-04-27T16:47:10","modified_gmt":"2026-04-27T16:47:10","slug":"neues-licht","status":"publish","type":"post","link":"http:\/\/www.verdichtet.at\/?p=19904","title":{"rendered":"Neues Licht"},"content":{"rendered":"<div class=\"pdfprnt-buttons pdfprnt-buttons-post pdfprnt-top-right\"><a href=\"http:\/\/www.verdichtet.at\/index.php?rest_route=wpv2posts19904&print=pdf\" class=\"pdfprnt-button pdfprnt-button-pdf\" target=\"_blank\"><\/a><a href=\"http:\/\/www.verdichtet.at\/index.php?rest_route=wpv2posts19904&print=print\" class=\"pdfprnt-button pdfprnt-button-print\" target=\"_blank\"><\/a><\/div><blockquote><p>Im Ertr\u00e4umen von neuen R\u00e4umen<br \/>\nhast du die Liebe neu erdacht,<br \/>\ndie in den Spuren deiner Worte<br \/>\nin meinem Herzen sich entfacht.<br \/>\nUnd das Erlebte, dicht an dicht,<br \/>\nreinkarniert im neuen Licht.<br \/>\nDehnt sich aus \u00fcber Zukunftsgel\u00e4nde<br \/>\nund macht es vertraut, bis zum Ende.<\/p><\/blockquote>\n<p style=\"text-align: right;\">Claudia L\u00fcer<br \/>\n<a href=\"https:\/\/www.verdichtet.at\/?p=14596\">Informationen zu Ver\u00f6ffentlichungen und Buchbestellungen<\/a><\/p>\n<p style=\"text-align: right;\">www.verdichtet.at |\u00a0Kategorie: <a href=\"http:\/\/www.verdichtet.at\/?page_id=422\">Kleinode &#8211; nicht nur an die Freude<\/a> |Inventarnummer: 25096<\/p>\n","protected":false},"excerpt":{"rendered":"<p>Im Ertr\u00e4umen von neuen R\u00e4umen hast du die Liebe neu erdacht, die in den Spuren deiner Worte in meinem Herzen sich entfacht. Und das Erlebte, dicht an dicht, reinkarniert im neuen Licht. Dehnt sich aus \u00fcber Zukunftsgel\u00e4nde und macht es vertraut, bis zum Ende. Claudia L\u00fcer Informationen zu Ver\u00f6ffentlichungen und Buchbestellungen www.verdichtet.at |\u00a0Kategorie: Kleinode &#8211; [&hellip;]<\/p>\n","protected":false},"author":4,"featured_media":0,"comment_status":"open","ping_status":"open","sticky":false,"template":"","format":"standard","meta":{"footnotes":""},"categories":[170],"tags":[19],"class_list":["post-19904","post","type-post","status-publish","format-standard","hentry","category-lueer-claudia","tag-kleinode-nicht-nur-an-die-freude"],"_links":{"self":[{"href":"http:\/\/www.verdichtet.at\/index.php?rest_route=\/wp\/v2\/posts\/19904","targetHints":{"allow":["GET"]}}],"collection":[{"href":"http:\/\/www.verdichtet.at\/index.php?rest_route=\/wp\/v2\/posts"}],"about":[{"href":"http:\/\/www.verdichtet.at\/index.php?rest_route=\/wp\/v2\/types\/post"}],"author":[{"embeddable":true,"href":"http:\/\/www.verdichtet.at\/index.php?rest_route=\/wp\/v2\/users\/4"}],"replies":[{"embeddable":true,"href":"http:\/\/www.verdichtet.at\/index.php?rest_route=%2Fwp%2Fv2%2Fcomments&post=19904"}],"version-history":[{"count":5,"href":"http:\/\/www.verdichtet.at\/index.php?rest_route=\/wp\/v2\/posts\/19904\/revisions"}],"predecessor-version":[{"id":22614,"href":"http:\/\/www.verdichtet.at\/index.php?rest_route=\/wp\/v2\/posts\/19904\/revisions\/22614"}],"wp:attachment":[{"href":"http:\/\/www.verdichtet.at\/index.php?rest_route=%2Fwp%2Fv2%2Fmedia&parent=19904"}],"wp:term":[{"taxonomy":"category","embeddable":true,"href":"http:\/\/www.verdichtet.at\/index.php?rest_route=%2Fwp%2Fv2%2Fcategories&post=19904"},{"taxonomy":"post_tag","embeddable":true,"href":"http:\/\/www.verdichtet.at\/index.php?rest_route=%2Fwp%2Fv2%2Ftags&post=19904"}],"curies":[{"name":"wp","href":"https:\/\/api.w.org\/{rel}","templated":true}]}}