{"id":19672,"date":"2025-03-01T16:47:38","date_gmt":"2025-03-01T16:47:38","guid":{"rendered":"http:\/\/www.verdichtet.at\/?p=19672"},"modified":"2026-04-27T16:47:52","modified_gmt":"2026-04-27T16:47:52","slug":"vergaenglichkeit","status":"publish","type":"post","link":"http:\/\/www.verdichtet.at\/?p=19672","title":{"rendered":"Verg\u00e4nglichkeit"},"content":{"rendered":"<div class=\"pdfprnt-buttons pdfprnt-buttons-post pdfprnt-top-right\"><a href=\"http:\/\/www.verdichtet.at\/index.php?rest_route=wpv2posts19672&print=pdf\" class=\"pdfprnt-button pdfprnt-button-pdf\" target=\"_blank\"><\/a><a href=\"http:\/\/www.verdichtet.at\/index.php?rest_route=wpv2posts19672&print=print\" class=\"pdfprnt-button pdfprnt-button-print\" target=\"_blank\"><\/a><\/div><blockquote>\n<p style=\"text-align: center;\">Leben \u2026 so schwer ohne dich<br \/>\nTr\u00e4ume \u2026 so leer ohne dich<br \/>\nJahre \u2026 in Licht geh\u00fcllt so dicht gef\u00fcllt mit dir<br \/>\nGedanken \u2026 h\u00e4ngen fest an dir<br \/>\nverdr\u00e4ngen Worte hin zu dir<br \/>\nund der Verstand kann nicht fassen<br \/>\nweil Konturen verblassen<br \/>\ndenn das Jahr legt einen Schleier \u00fcber dein Gesicht<br \/>\ndoch das Herz \u2026 der Spuren so voll<br \/>\nvon dir, so tief in mir, das B\u00e4nde spricht<br \/>\nwei\u00df, du wirst mich nie verlassen<\/p>\n<\/blockquote>\n<p style=\"text-align: right;\">Claudia L\u00fcer<br \/>\n<a href=\"https:\/\/www.verdichtet.at\/?p=14596\">Informationen zu Ver\u00f6ffentlichungen und Buchbestellungen<\/a><\/p>\n<p style=\"text-align: right;\">www.verdichtet.at |\u00a0Kategorie: <a href=\"http:\/\/www.verdichtet.at\/?page_id=418\">hardly secret diary<\/a> | Inventarnummer: 25070<\/p>\n","protected":false},"excerpt":{"rendered":"<p>Leben \u2026 so schwer ohne dich Tr\u00e4ume \u2026 so leer ohne dich Jahre \u2026 in Licht geh\u00fcllt so dicht gef\u00fcllt mit dir Gedanken \u2026 h\u00e4ngen fest an dir verdr\u00e4ngen Worte hin zu dir und der Verstand kann nicht fassen weil Konturen verblassen denn das Jahr legt einen Schleier \u00fcber dein Gesicht doch das Herz \u2026 [&hellip;]<\/p>\n","protected":false},"author":4,"featured_media":0,"comment_status":"open","ping_status":"open","sticky":false,"template":"","format":"standard","meta":{"footnotes":""},"categories":[170],"tags":[36],"class_list":["post-19672","post","type-post","status-publish","format-standard","hentry","category-lueer-claudia","tag-hardly-secret-diary"],"_links":{"self":[{"href":"http:\/\/www.verdichtet.at\/index.php?rest_route=\/wp\/v2\/posts\/19672","targetHints":{"allow":["GET"]}}],"collection":[{"href":"http:\/\/www.verdichtet.at\/index.php?rest_route=\/wp\/v2\/posts"}],"about":[{"href":"http:\/\/www.verdichtet.at\/index.php?rest_route=\/wp\/v2\/types\/post"}],"author":[{"embeddable":true,"href":"http:\/\/www.verdichtet.at\/index.php?rest_route=\/wp\/v2\/users\/4"}],"replies":[{"embeddable":true,"href":"http:\/\/www.verdichtet.at\/index.php?rest_route=%2Fwp%2Fv2%2Fcomments&post=19672"}],"version-history":[{"count":5,"href":"http:\/\/www.verdichtet.at\/index.php?rest_route=\/wp\/v2\/posts\/19672\/revisions"}],"predecessor-version":[{"id":22616,"href":"http:\/\/www.verdichtet.at\/index.php?rest_route=\/wp\/v2\/posts\/19672\/revisions\/22616"}],"wp:attachment":[{"href":"http:\/\/www.verdichtet.at\/index.php?rest_route=%2Fwp%2Fv2%2Fmedia&parent=19672"}],"wp:term":[{"taxonomy":"category","embeddable":true,"href":"http:\/\/www.verdichtet.at\/index.php?rest_route=%2Fwp%2Fv2%2Fcategories&post=19672"},{"taxonomy":"post_tag","embeddable":true,"href":"http:\/\/www.verdichtet.at\/index.php?rest_route=%2Fwp%2Fv2%2Ftags&post=19672"}],"curies":[{"name":"wp","href":"https:\/\/api.w.org\/{rel}","templated":true}]}}