{"id":19463,"date":"2025-01-30T16:33:48","date_gmt":"2025-01-30T16:33:48","guid":{"rendered":"http:\/\/www.verdichtet.at\/?p=19463"},"modified":"2026-04-27T16:48:07","modified_gmt":"2026-04-27T16:48:07","slug":"sehnsuchtsvoll","status":"publish","type":"post","link":"http:\/\/www.verdichtet.at\/?p=19463","title":{"rendered":"Sehnsuchtsvoll"},"content":{"rendered":"<div class=\"pdfprnt-buttons pdfprnt-buttons-post pdfprnt-top-right\"><a href=\"http:\/\/www.verdichtet.at\/index.php?rest_route=wpv2posts19463&print=pdf\" class=\"pdfprnt-button pdfprnt-button-pdf\" target=\"_blank\"><\/a><a href=\"http:\/\/www.verdichtet.at\/index.php?rest_route=wpv2posts19463&print=print\" class=\"pdfprnt-button pdfprnt-button-print\" target=\"_blank\"><\/a><\/div><blockquote>\n<p style=\"text-align: center;\">So oft hab ich dein Haar gek\u00fcsst<br \/>\ndie raue Wange zart gestrichen<br \/>\nUnd d\u00e4cht, wenn ich\u2019s nicht besser w\u00fcsst<br \/>\ndu w\u00e4rst grad durchs Haus geschlichen<\/p>\n<p style=\"text-align: center;\">Leis folg ich deiner Bl\u00fctenspur<br \/>\nbetrink mich an vertrautem Duft<br \/>\nLausch deinem Klang in Raum und Flur<br \/>\nund wieg mich sanft im Tanz der Luft<br \/>\nbis meine Angst gewichen<\/p>\n<\/blockquote>\n<p style=\"text-align: right;\">Claudia L\u00fcer<br \/>\n<a href=\"https:\/\/www.verdichtet.at\/?p=14596\">Informationen zu Ver\u00f6ffentlichungen und Buchbestellungen<\/a><\/p>\n<p style=\"text-align: right;\">www.verdichtet.at |\u00a0Kategorie: <a href=\"http:\/\/www.verdichtet.at\/?page_id=422\">Kleinode &#8211; nicht nur an die Freude<\/a> |Inventarnummer: 25052<\/p>\n","protected":false},"excerpt":{"rendered":"<p>So oft hab ich dein Haar gek\u00fcsst die raue Wange zart gestrichen Und d\u00e4cht, wenn ich\u2019s nicht besser w\u00fcsst du w\u00e4rst grad durchs Haus geschlichen Leis folg ich deiner Bl\u00fctenspur betrink mich an vertrautem Duft Lausch deinem Klang in Raum und Flur und wieg mich sanft im Tanz der Luft bis meine Angst gewichen Claudia [&hellip;]<\/p>\n","protected":false},"author":4,"featured_media":0,"comment_status":"open","ping_status":"open","sticky":false,"template":"","format":"standard","meta":{"footnotes":""},"categories":[170],"tags":[19],"class_list":["post-19463","post","type-post","status-publish","format-standard","hentry","category-lueer-claudia","tag-kleinode-nicht-nur-an-die-freude"],"_links":{"self":[{"href":"http:\/\/www.verdichtet.at\/index.php?rest_route=\/wp\/v2\/posts\/19463","targetHints":{"allow":["GET"]}}],"collection":[{"href":"http:\/\/www.verdichtet.at\/index.php?rest_route=\/wp\/v2\/posts"}],"about":[{"href":"http:\/\/www.verdichtet.at\/index.php?rest_route=\/wp\/v2\/types\/post"}],"author":[{"embeddable":true,"href":"http:\/\/www.verdichtet.at\/index.php?rest_route=\/wp\/v2\/users\/4"}],"replies":[{"embeddable":true,"href":"http:\/\/www.verdichtet.at\/index.php?rest_route=%2Fwp%2Fv2%2Fcomments&post=19463"}],"version-history":[{"count":6,"href":"http:\/\/www.verdichtet.at\/index.php?rest_route=\/wp\/v2\/posts\/19463\/revisions"}],"predecessor-version":[{"id":22617,"href":"http:\/\/www.verdichtet.at\/index.php?rest_route=\/wp\/v2\/posts\/19463\/revisions\/22617"}],"wp:attachment":[{"href":"http:\/\/www.verdichtet.at\/index.php?rest_route=%2Fwp%2Fv2%2Fmedia&parent=19463"}],"wp:term":[{"taxonomy":"category","embeddable":true,"href":"http:\/\/www.verdichtet.at\/index.php?rest_route=%2Fwp%2Fv2%2Fcategories&post=19463"},{"taxonomy":"post_tag","embeddable":true,"href":"http:\/\/www.verdichtet.at\/index.php?rest_route=%2Fwp%2Fv2%2Ftags&post=19463"}],"curies":[{"name":"wp","href":"https:\/\/api.w.org\/{rel}","templated":true}]}}