{"id":19243,"date":"2024-12-18T16:25:08","date_gmt":"2024-12-18T16:25:08","guid":{"rendered":"http:\/\/www.verdichtet.at\/?p=19243"},"modified":"2026-04-27T16:48:20","modified_gmt":"2026-04-27T16:48:20","slug":"weihnacht","status":"publish","type":"post","link":"http:\/\/www.verdichtet.at\/?p=19243","title":{"rendered":"Weihnacht"},"content":{"rendered":"<div class=\"pdfprnt-buttons pdfprnt-buttons-post pdfprnt-top-right\"><a href=\"http:\/\/www.verdichtet.at\/index.php?rest_route=wpv2posts19243&print=pdf\" class=\"pdfprnt-button pdfprnt-button-pdf\" target=\"_blank\"><\/a><a href=\"http:\/\/www.verdichtet.at\/index.php?rest_route=wpv2posts19243&print=print\" class=\"pdfprnt-button pdfprnt-button-print\" target=\"_blank\"><\/a><\/div><blockquote>\n<p style=\"text-align: center;\">In dieser Zeit funkelnder Besinnlichkeit,<br \/>\nda der Zauber der Nacht<br \/>\nden Himmel noch schw\u00e4rzer macht,<br \/>\nund in der Weite dunkelnder Unendlichkeit<br \/>\nkaltherzig und glasklar<br \/>\ndir die Endlichkeit entgegenlacht,<br \/>\nist die innere Einkehr elementar.<br \/>\nUnd als Komplement\u00e4r zur F\u00fclle<br \/>\ndie Stille eine sch\u00fctzende H\u00fclle.<\/p>\n<p style=\"text-align: center;\">H\u00f6rst du das leise Knistern in der Luft,<br \/>\ndas geheimnisumwobene Wispern?<br \/>\nDas surrende Schwingen sanften Fl\u00fcgelschlags,<br \/>\ndas sich auch des Tags nicht verliert<br \/>\nund unbemerkt fein im Schein heller Kerzen<br \/>\ndeine Sinne stimuliert?<\/p>\n<p style=\"text-align: center;\">Dann ist Weihnacht, nur dann.<br \/>\nEngelsgleich ihr Gesang, samtweich.<br \/>\nUnd unendlich reich<br \/>\nihr fast vergessener, ureigener Klang.<\/p>\n<\/blockquote>\n<p style=\"text-align: right;\">Claudia L\u00fcer<br \/>\n<a href=\"https:\/\/www.verdichtet.at\/?p=14596\">Informationen zu Ver\u00f6ffentlichungen und Buchbestellungen<\/a><\/p>\n<p style=\"text-align: right;\">www.verdichtet.at |\u00a0Kategorie: <a href=\"http:\/\/www.verdichtet.at\/?page_id=7360\">fest feiern<\/a> | Inventarnummer: 24188<\/p>\n","protected":false},"excerpt":{"rendered":"<p>In dieser Zeit funkelnder Besinnlichkeit, da der Zauber der Nacht den Himmel noch schw\u00e4rzer macht, und in der Weite dunkelnder Unendlichkeit kaltherzig und glasklar dir die Endlichkeit entgegenlacht, ist die innere Einkehr elementar. Und als Komplement\u00e4r zur F\u00fclle die Stille eine sch\u00fctzende H\u00fclle. H\u00f6rst du das leise Knistern in der Luft, das geheimnisumwobene Wispern? Das [&hellip;]<\/p>\n","protected":false},"author":4,"featured_media":0,"comment_status":"open","ping_status":"open","sticky":false,"template":"","format":"standard","meta":{"footnotes":""},"categories":[170],"tags":[139],"class_list":["post-19243","post","type-post","status-publish","format-standard","hentry","category-lueer-claudia","tag-fest-feiern"],"_links":{"self":[{"href":"http:\/\/www.verdichtet.at\/index.php?rest_route=\/wp\/v2\/posts\/19243","targetHints":{"allow":["GET"]}}],"collection":[{"href":"http:\/\/www.verdichtet.at\/index.php?rest_route=\/wp\/v2\/posts"}],"about":[{"href":"http:\/\/www.verdichtet.at\/index.php?rest_route=\/wp\/v2\/types\/post"}],"author":[{"embeddable":true,"href":"http:\/\/www.verdichtet.at\/index.php?rest_route=\/wp\/v2\/users\/4"}],"replies":[{"embeddable":true,"href":"http:\/\/www.verdichtet.at\/index.php?rest_route=%2Fwp%2Fv2%2Fcomments&post=19243"}],"version-history":[{"count":8,"href":"http:\/\/www.verdichtet.at\/index.php?rest_route=\/wp\/v2\/posts\/19243\/revisions"}],"predecessor-version":[{"id":22618,"href":"http:\/\/www.verdichtet.at\/index.php?rest_route=\/wp\/v2\/posts\/19243\/revisions\/22618"}],"wp:attachment":[{"href":"http:\/\/www.verdichtet.at\/index.php?rest_route=%2Fwp%2Fv2%2Fmedia&parent=19243"}],"wp:term":[{"taxonomy":"category","embeddable":true,"href":"http:\/\/www.verdichtet.at\/index.php?rest_route=%2Fwp%2Fv2%2Fcategories&post=19243"},{"taxonomy":"post_tag","embeddable":true,"href":"http:\/\/www.verdichtet.at\/index.php?rest_route=%2Fwp%2Fv2%2Ftags&post=19243"}],"curies":[{"name":"wp","href":"https:\/\/api.w.org\/{rel}","templated":true}]}}