{"id":18879,"date":"2024-10-16T16:43:54","date_gmt":"2024-10-16T16:43:54","guid":{"rendered":"http:\/\/www.verdichtet.at\/?p=18879"},"modified":"2026-04-27T16:48:50","modified_gmt":"2026-04-27T16:48:50","slug":"fuer-mein-kind-zurueck-zu-den-wurzeln-gemeinsam-mit-dir","status":"publish","type":"post","link":"http:\/\/www.verdichtet.at\/?p=18879","title":{"rendered":"F\u00fcr mein Kind: Zur\u00fcck zu den Wurzeln gemeinsam mit dir"},"content":{"rendered":"<div class=\"pdfprnt-buttons pdfprnt-buttons-post pdfprnt-top-right\"><a href=\"http:\/\/www.verdichtet.at\/index.php?rest_route=wpv2posts18879&print=pdf\" class=\"pdfprnt-button pdfprnt-button-pdf\" target=\"_blank\"><\/a><a href=\"http:\/\/www.verdichtet.at\/index.php?rest_route=wpv2posts18879&print=print\" class=\"pdfprnt-button pdfprnt-button-print\" target=\"_blank\"><\/a><\/div><blockquote>\n<p style=\"text-align: center;\">Zeit fliegt vorbei.<br \/>\nManchmal brems ich sie ein,<br \/>\nsehe dich an<br \/>\nund erschreck,<br \/>\nweil ich mich bis ins Detail<br \/>\nan dir spiegeln kann.<br \/>\nIch entdeck<br \/>\nSpuren meiner Vergangenheit<br \/>\nin deinem Gesicht,<br \/>\nr\u00fcck in dein Licht,<br \/>\nund wir gehen ein St\u00fcck<br \/>\nauf der Zeitschnur zur\u00fcck.<br \/>\nDann f\u00e4rbt dein Lachen<br \/>\nvergilbte Bilder in Schwarz-Wei\u00df<br \/>\nleuchtend bunt,<br \/>\nund wir staunen leis.<br \/>\nLassen darauf Gl\u00fccksraketen<br \/>\nstarten, halten die Hand<br \/>\nund warten gebannt<br \/>\nim Moment der Magie,<br \/>\nwenn sie den Himmel<br \/>\nin ein Farbenmeer tunken<br \/>\nund Endorphinfunken<br \/>\nin unsere Zukunft spr\u00fchen.<br \/>\nSehen sie vergl\u00fchen und f\u00e4chern uns,<br \/>\nzufrieden l\u00e4chelnd, Luft zu,<br \/>\nliebesgef\u00fcllt.<br \/>\nNichts fehlt.<br \/>\nLassen dann beseelt<br \/>\ndie Zeit weiterziehen.<\/p>\n<\/blockquote>\n<p style=\"text-align: right;\">Claudia L\u00fcer<br \/>\n<a href=\"https:\/\/www.verdichtet.at\/?p=14596\">Informationen zu Ver\u00f6ffentlichungen und Buchbestellungen<\/a><br \/>\naus dem Gedichtband &#8222;Barfu\u00df durch \u00a0dein Herz&#8220;<\/p>\n<p style=\"text-align: right;\">www.verdichtet.at |\u00a0Kategorie: <a href=\"http:\/\/www.verdichtet.at\/?page_id=412\">auszugsweise<\/a> | Inventarnummer: 24177<\/p>\n<p style=\"text-align: center;\">\n","protected":false},"excerpt":{"rendered":"<p>Zeit fliegt vorbei. Manchmal brems ich sie ein, sehe dich an und erschreck, weil ich mich bis ins Detail an dir spiegeln kann. Ich entdeck Spuren meiner Vergangenheit in deinem Gesicht, r\u00fcck in dein Licht, und wir gehen ein St\u00fcck auf der Zeitschnur zur\u00fcck. Dann f\u00e4rbt dein Lachen vergilbte Bilder in Schwarz-Wei\u00df leuchtend bunt, und [&hellip;]<\/p>\n","protected":false},"author":4,"featured_media":0,"comment_status":"open","ping_status":"open","sticky":false,"template":"","format":"standard","meta":{"footnotes":""},"categories":[170],"tags":[26],"class_list":["post-18879","post","type-post","status-publish","format-standard","hentry","category-lueer-claudia","tag-auszugsweise"],"_links":{"self":[{"href":"http:\/\/www.verdichtet.at\/index.php?rest_route=\/wp\/v2\/posts\/18879","targetHints":{"allow":["GET"]}}],"collection":[{"href":"http:\/\/www.verdichtet.at\/index.php?rest_route=\/wp\/v2\/posts"}],"about":[{"href":"http:\/\/www.verdichtet.at\/index.php?rest_route=\/wp\/v2\/types\/post"}],"author":[{"embeddable":true,"href":"http:\/\/www.verdichtet.at\/index.php?rest_route=\/wp\/v2\/users\/4"}],"replies":[{"embeddable":true,"href":"http:\/\/www.verdichtet.at\/index.php?rest_route=%2Fwp%2Fv2%2Fcomments&post=18879"}],"version-history":[{"count":11,"href":"http:\/\/www.verdichtet.at\/index.php?rest_route=\/wp\/v2\/posts\/18879\/revisions"}],"predecessor-version":[{"id":22620,"href":"http:\/\/www.verdichtet.at\/index.php?rest_route=\/wp\/v2\/posts\/18879\/revisions\/22620"}],"wp:attachment":[{"href":"http:\/\/www.verdichtet.at\/index.php?rest_route=%2Fwp%2Fv2%2Fmedia&parent=18879"}],"wp:term":[{"taxonomy":"category","embeddable":true,"href":"http:\/\/www.verdichtet.at\/index.php?rest_route=%2Fwp%2Fv2%2Fcategories&post=18879"},{"taxonomy":"post_tag","embeddable":true,"href":"http:\/\/www.verdichtet.at\/index.php?rest_route=%2Fwp%2Fv2%2Ftags&post=18879"}],"curies":[{"name":"wp","href":"https:\/\/api.w.org\/{rel}","templated":true}]}}