{"id":17847,"date":"2024-03-27T06:53:51","date_gmt":"2024-03-27T06:53:51","guid":{"rendered":"http:\/\/www.verdichtet.at\/?p=17847"},"modified":"2026-04-27T16:49:36","modified_gmt":"2026-04-27T16:49:36","slug":"fuer-meinen-vater-liebeserklaerung","status":"publish","type":"post","link":"http:\/\/www.verdichtet.at\/?p=17847","title":{"rendered":"F\u00fcr meinen Vater \u2013 Liebeserkl\u00e4rung"},"content":{"rendered":"<div class=\"pdfprnt-buttons pdfprnt-buttons-post pdfprnt-top-right\"><a href=\"http:\/\/www.verdichtet.at\/index.php?rest_route=wpv2posts17847&print=pdf\" class=\"pdfprnt-button pdfprnt-button-pdf\" target=\"_blank\"><\/a><a href=\"http:\/\/www.verdichtet.at\/index.php?rest_route=wpv2posts17847&print=print\" class=\"pdfprnt-button pdfprnt-button-print\" target=\"_blank\"><\/a><\/div><p><em>Es gibt Ereignisse im Leben, die so tief einschneiden, dass unsere Herzen f\u00fcr immer verwundet bleiben und Worte fehlen, um das zu beschreiben.<\/em><\/p>\n<blockquote>\n<p style=\"text-align: center;\">Alles, was du sagst,<br \/>\nklingt durch meine R\u00e4ume.<br \/>\nDas, wonach du fragst,<br \/>\nbereichert meine Tr\u00e4ume.<br \/>\nAll das, was du denkst,<br \/>\nn\u00e4hrt meine Theorien.<br \/>\nIch kann in deinem Licht<br \/>\nvor meinen \u00c4ngsten flieh\u2019n.<br \/>\nDas, woran du h\u00e4ngst,<br \/>\ndas ver\u00e4nder ich nicht.<br \/>\nDenn das, was du mir schenkst,<br \/>\nist unersetzlich f\u00fcr mich.<\/p>\n<p style=\"text-align: center;\">Alles, was du wei\u00dft,<br \/>\nhast du mir beigebracht.<br \/>\nWar mein Herz vereist,<br \/>\nhast du mit mir gelacht.<br \/>\nHast noch an mich geglaubt,<br \/>\nals ich l\u00e4ngst aufgegeben hab.<br \/>\nHast auf mich gebaut<br \/>\nund mich gest\u00e4rkt, Tag f\u00fcr Tag.<br \/>\nHast mir so viel gegeben<br \/>\nund nie an dich gedacht.<br \/>\nHast mein ganzes Leben<br \/>\n\u00fcber mich gewacht.<\/p>\n<p style=\"text-align: center;\">Mit dir zusammen sah ich<br \/>\nmeinen ersten Regenbogen.<br \/>\nDu bist mit mir im Traum<br \/>\nbis zu den Sternen geflogen.<br \/>\nAlles, was du f\u00fchlst,<br \/>\nwohnt auch in meinem Herzen.<br \/>\nDas Wasser, das dich k\u00fchlt,<br \/>\ndimmt auch meine Schmerzen.<br \/>\nDas, was du erinnerst,<br \/>\nspinnt meine Seele fort,<br \/>\nverpackt als Kostbarkeit<br \/>\nan einem sich\u2019ren Ort.<\/p>\n<p style=\"text-align: center;\">Das, was du verschweigst,<br \/>\nsprech ich f\u00fcr dich aus.<br \/>\nDas, womit du haderst,<br \/>\nl\u00f6s ich f\u00fcr dich auf.<br \/>\nWas du hast durchgestanden,<br \/>\ndas reibt mich nicht mehr auf.<br \/>\nDie Sch\u00e4tze, die wir fanden,<br \/>\nheb ich f\u00fcr meine Kinder auf.<br \/>\nIch hatte gro\u00dfes Gl\u00fcck<br \/>\nmit dir auf meinem Weg.<br \/>\nDas geb ich jetzt zur\u00fcck,<br \/>\ndenn dir verdank ich, dass ich leb.<\/p>\n<p style=\"text-align: center;\">Alles, was ich wei\u00df,<br \/>\nist, dass wir uns wiedersehen.<br \/>\nDoch bis ich zu dir reis,<br \/>\nwill ich noch weitergehen.<br \/>\n<strong>Dann bist du die Musik,<br \/>\ndie in meinem Herzen klingt.<br \/>\nUnd der warme Wind,<br \/>\nder mir ein Nachtlied singt.<br \/>\nDie unsichtbare Hand,<br \/>\ndie mich durch schwere Zeiten tr\u00e4gt.<br \/>\nDu bleibst in meinem Sinn,<br \/>\nbis ich nicht mehr leb.<\/strong><\/p>\n<\/blockquote>\n<p><em>In memoriam Gerhard L\u00fcer<br \/>\nF\u00fcr meinen Vater, Besch\u00fctzer und liebenden Wegbegleiter \u2013 dem wunderbarsten Menschen, dem ich in diesem Leben so intensiv begegnen durfte.<\/em><\/p>\n<p>&nbsp;<\/p>\n<p style=\"text-align: right;\">Claudia L\u00fcer<br \/>\n<a href=\"https:\/\/www.verdichtet.at\/?p=14596\">Informationen zu Ver\u00f6ffentlichungen und Buchbestellungen<\/a><\/p>\n<p style=\"text-align: right;\">www.verdichtet.at |\u00a0Kategorie: <a href=\"http:\/\/www.verdichtet.at\/?page_id=418\">hardly secret diary<\/a> | Inventarnummer: 24083<\/p>\n<p>&nbsp;<\/p>\n","protected":false},"excerpt":{"rendered":"<p>Es gibt Ereignisse im Leben, die so tief einschneiden, dass unsere Herzen f\u00fcr immer verwundet bleiben und Worte fehlen, um das zu beschreiben. Alles, was du sagst, klingt durch meine R\u00e4ume. Das, wonach du fragst, bereichert meine Tr\u00e4ume. All das, was du denkst, n\u00e4hrt meine Theorien. Ich kann in deinem Licht vor meinen \u00c4ngsten flieh\u2019n. [&hellip;]<\/p>\n","protected":false},"author":4,"featured_media":0,"comment_status":"open","ping_status":"open","sticky":false,"template":"","format":"standard","meta":{"footnotes":""},"categories":[170],"tags":[36],"class_list":["post-17847","post","type-post","status-publish","format-standard","hentry","category-lueer-claudia","tag-hardly-secret-diary"],"_links":{"self":[{"href":"http:\/\/www.verdichtet.at\/index.php?rest_route=\/wp\/v2\/posts\/17847","targetHints":{"allow":["GET"]}}],"collection":[{"href":"http:\/\/www.verdichtet.at\/index.php?rest_route=\/wp\/v2\/posts"}],"about":[{"href":"http:\/\/www.verdichtet.at\/index.php?rest_route=\/wp\/v2\/types\/post"}],"author":[{"embeddable":true,"href":"http:\/\/www.verdichtet.at\/index.php?rest_route=\/wp\/v2\/users\/4"}],"replies":[{"embeddable":true,"href":"http:\/\/www.verdichtet.at\/index.php?rest_route=%2Fwp%2Fv2%2Fcomments&post=17847"}],"version-history":[{"count":6,"href":"http:\/\/www.verdichtet.at\/index.php?rest_route=\/wp\/v2\/posts\/17847\/revisions"}],"predecessor-version":[{"id":22623,"href":"http:\/\/www.verdichtet.at\/index.php?rest_route=\/wp\/v2\/posts\/17847\/revisions\/22623"}],"wp:attachment":[{"href":"http:\/\/www.verdichtet.at\/index.php?rest_route=%2Fwp%2Fv2%2Fmedia&parent=17847"}],"wp:term":[{"taxonomy":"category","embeddable":true,"href":"http:\/\/www.verdichtet.at\/index.php?rest_route=%2Fwp%2Fv2%2Fcategories&post=17847"},{"taxonomy":"post_tag","embeddable":true,"href":"http:\/\/www.verdichtet.at\/index.php?rest_route=%2Fwp%2Fv2%2Ftags&post=17847"}],"curies":[{"name":"wp","href":"https:\/\/api.w.org\/{rel}","templated":true}]}}