{"id":17738,"date":"2024-02-27T17:17:48","date_gmt":"2024-02-27T17:17:48","guid":{"rendered":"http:\/\/www.verdichtet.at\/?p=17738"},"modified":"2026-04-27T16:49:51","modified_gmt":"2026-04-27T16:49:51","slug":"jetzt-bist-du-staub","status":"publish","type":"post","link":"http:\/\/www.verdichtet.at\/?p=17738","title":{"rendered":"Jetzt bist du Staub"},"content":{"rendered":"<div class=\"pdfprnt-buttons pdfprnt-buttons-post pdfprnt-top-right\"><a href=\"http:\/\/www.verdichtet.at\/index.php?rest_route=wpv2posts17738&print=pdf\" class=\"pdfprnt-button pdfprnt-button-pdf\" target=\"_blank\"><\/a><a href=\"http:\/\/www.verdichtet.at\/index.php?rest_route=wpv2posts17738&print=print\" class=\"pdfprnt-button pdfprnt-button-print\" target=\"_blank\"><\/a><\/div><p style=\"text-align: center;\"><em>Jetzt bist du Staub.<br \/>\n<\/em>Und ich? Ich glaub<br \/>\nimmer noch nicht,<br \/>\ndass dein Licht<br \/>\nerloschen ist.<br \/>\nSehe auch nicht,<br \/>\nwo du gerad\u2018 bist.<br \/>\nF\u00fchl mich bleischwer<br \/>\nund bin doch leer.<br \/>\nEin H\u00f6llenschmerz<br \/>\nrei\u00dft mich entzwei.<br \/>\nPlatzwunden klaffen<br \/>\nund durch mein Herz<br \/>\nt\u00f6nt als Klagelied<br \/>\nein schriller Schrei.<br \/>\nWill Klarheit schaffen.<br \/>\nIch dr\u00fcck auf Repeat<br \/>\nund richte es mir<br \/>\nin einer Zeit-<br \/>\nschleife mit dir<br \/>\ngem\u00fctlich ein.<br \/>\nIch bin so weit.<br \/>\nAtme dich ein<br \/>\nals heilende Kur.<br \/>\nWill einfach nur<br \/>\nnah bei dir sein.<br \/>\nSpul deine letzten<br \/>\nhochgesch\u00e4tzten<br \/>\nWorte an mich<br \/>\nunz\u00e4hlig oft zur\u00fcck.<br \/>\nForm daraus f\u00fcr dich<br \/>\nein Gedicht und schick<br \/>\nes dir. Fixier<br \/>\nmit starrem Blick<br \/>\nmein Handy, lenk<br \/>\nall mein F\u00fchlen<br \/>\nzu dir, konzentrier<br \/>\nmich und denk,<br \/>\ndich zu sp\u00fcren,<br \/>\nindem ich<br \/>\nwissentlich<br \/>\nget\u00e4uschter Sinne<br \/>\nF\u00e4den spinne,<br \/>\nhin zu dir.<br \/>\nDa h\u00f6r ich schon<br \/>\nam Telefon<br \/>\ndeine Stimme.<br \/>\nDie so vertraut<br \/>\ndie Sehnsucht stillt,<br \/>\nmich aufbaut,<br \/>\nmit W\u00e4rme f\u00fcllt<br \/>\nund dein Bild<br \/>\nan meiner Wand<br \/>\nbis zum Rand<br \/>\nauslichtet,<br \/>\nsodass es<br \/>\ndein Strahlen<br \/>\nin hellem Schein,<br \/>\nmit satten<br \/>\nFarben so rein,<br \/>\nauf die Schatten<br \/>\nder kahlen<br \/>\nStellen meiner<br \/>\ntobenden Wellen<br \/>\nrichtet.<br \/>\nDas feine Band<br \/>\nvon mir zu dir<br \/>\nkunstvoll verdichtet,<br \/>\nweil es den gro\u00dfen<br \/>\nStreit in mir,<br \/>\nvon blo\u00dfem F\u00fchlen<br \/>\nund dem Verstand,<br \/>\ndem k\u00fchlen,<br \/>\nder mich zerrei\u00dft,<br \/>\nendlich schlichtet<br \/>\nund uns auf ewig<br \/>\nzusammenschwei\u00dft.<br \/>\n<em>Denn alles,<br \/>\nworan ich glaub,<br \/>\nist, dass von dir<br \/>\ntief in mir<br \/>\nund im Universum<br \/>\num uns herum<br \/>\nmit Sicherheit<br \/>\nunendlich viel mehr bleibt<br \/>\nals nur Asche und Staub.<\/em><\/p>\n<p>&nbsp;<\/p>\n<p style=\"text-align: right;\">Claudia L\u00fcer<br \/>\n<a href=\"https:\/\/www.verdichtet.at\/?p=14596\">Informationen zu Ver\u00f6ffentlichungen und Buchbestellungen<\/a><\/p>\n<p style=\"text-align: right;\">www.verdichtet.at |\u00a0Kategorie: <a href=\"http:\/\/www.verdichtet.at\/?page_id=418\">hardly secret diary<\/a> | Inventarnummer: 24075<\/p>\n","protected":false},"excerpt":{"rendered":"<p>Jetzt bist du Staub. Und ich? Ich glaub immer noch nicht, dass dein Licht erloschen ist. Sehe auch nicht, wo du gerad\u2018 bist. F\u00fchl mich bleischwer und bin doch leer. Ein H\u00f6llenschmerz rei\u00dft mich entzwei. Platzwunden klaffen und durch mein Herz t\u00f6nt als Klagelied ein schriller Schrei. Will Klarheit schaffen. Ich dr\u00fcck auf Repeat und [&hellip;]<\/p>\n","protected":false},"author":4,"featured_media":0,"comment_status":"open","ping_status":"open","sticky":false,"template":"","format":"standard","meta":{"footnotes":""},"categories":[170],"tags":[36],"class_list":["post-17738","post","type-post","status-publish","format-standard","hentry","category-lueer-claudia","tag-hardly-secret-diary"],"_links":{"self":[{"href":"http:\/\/www.verdichtet.at\/index.php?rest_route=\/wp\/v2\/posts\/17738","targetHints":{"allow":["GET"]}}],"collection":[{"href":"http:\/\/www.verdichtet.at\/index.php?rest_route=\/wp\/v2\/posts"}],"about":[{"href":"http:\/\/www.verdichtet.at\/index.php?rest_route=\/wp\/v2\/types\/post"}],"author":[{"embeddable":true,"href":"http:\/\/www.verdichtet.at\/index.php?rest_route=\/wp\/v2\/users\/4"}],"replies":[{"embeddable":true,"href":"http:\/\/www.verdichtet.at\/index.php?rest_route=%2Fwp%2Fv2%2Fcomments&post=17738"}],"version-history":[{"count":4,"href":"http:\/\/www.verdichtet.at\/index.php?rest_route=\/wp\/v2\/posts\/17738\/revisions"}],"predecessor-version":[{"id":22624,"href":"http:\/\/www.verdichtet.at\/index.php?rest_route=\/wp\/v2\/posts\/17738\/revisions\/22624"}],"wp:attachment":[{"href":"http:\/\/www.verdichtet.at\/index.php?rest_route=%2Fwp%2Fv2%2Fmedia&parent=17738"}],"wp:term":[{"taxonomy":"category","embeddable":true,"href":"http:\/\/www.verdichtet.at\/index.php?rest_route=%2Fwp%2Fv2%2Fcategories&post=17738"},{"taxonomy":"post_tag","embeddable":true,"href":"http:\/\/www.verdichtet.at\/index.php?rest_route=%2Fwp%2Fv2%2Ftags&post=17738"}],"curies":[{"name":"wp","href":"https:\/\/api.w.org\/{rel}","templated":true}]}}