{"id":17371,"date":"2024-01-10T16:02:56","date_gmt":"2024-01-10T16:02:56","guid":{"rendered":"http:\/\/www.verdichtet.at\/?p=17371"},"modified":"2026-04-27T16:50:19","modified_gmt":"2026-04-27T16:50:19","slug":"an-den-tod","status":"publish","type":"post","link":"http:\/\/www.verdichtet.at\/?p=17371","title":{"rendered":"An den Tod"},"content":{"rendered":"<div class=\"pdfprnt-buttons pdfprnt-buttons-post pdfprnt-top-right\"><a href=\"http:\/\/www.verdichtet.at\/index.php?rest_route=wpv2posts17371&print=pdf\" class=\"pdfprnt-button pdfprnt-button-pdf\" target=\"_blank\"><\/a><a href=\"http:\/\/www.verdichtet.at\/index.php?rest_route=wpv2posts17371&print=print\" class=\"pdfprnt-button pdfprnt-button-print\" target=\"_blank\"><\/a><\/div><blockquote>\n<p style=\"text-align: center;\">Vor dir, grausamer Geist, war noch niemand gefeit.<br \/>\nRaubst mir mit eisiger K\u00e4lte die Lebendigkeit,<br \/>\nlie\u00df\u2019t nicht lang auf dich warten.<br \/>\nIn deinem Spiel mit offenen Karten<br \/>\nschlugst du r\u00fccksichtslos zu \u2013<br \/>\nmit deiner unerbittlichen Endlichkeit.<br \/>\n\u201eLeben geht nicht ohne mich\u201c, sagst du,<br \/>\nlachst h\u00e4misch und r\u00e4kelst dich selbstverliebt.<br \/>\nZielst mitten ins Herz, mit t\u00f6dlicher Absicht,<br \/>\nund jeder, der tief getroffen zur\u00fcckblieb,<br \/>\nergibt sich verzweifelt. Wollte dein Kommen nicht.<\/p>\n<p style=\"text-align: center;\">Jedermann f\u00fcrchtet dein Gesicht aus Stahl,<br \/>\ndeine lederne Haut, glanzlos, aschfahl,<br \/>\nund deinen bleiernen Mantel in Schwarzviolett<br \/>\naus rei\u00dffestem Garn, luftdicht, adrett,<br \/>\nmit dem du grauenvoll alles Leben erstickst.<br \/>\nDoch das feine, seelische Band, das zerst\u00f6rst du nicht!<br \/>\nWeil du mit Scheuklappen und aus egozentrischer Sicht<br \/>\nauf das, was gewesen ist, nicht zur\u00fcckblickst.<br \/>\nAuf all meine Erinnerungen, die dich \u00fcberdauern.<br \/>\nDie will ich als Schatz hinter bruchsich\u2019ren Mauern<br \/>\nin meinem Herzen versilbern,<br \/>\num dein Grauen zu mildern.<\/p>\n<p style=\"text-align: center;\">Noch ein Wort zum Schluss, du wirst es gestatten:<br \/>\nDu Seelenloser kannst, mit deiner H\u00fclle aus Staub,<br \/>\nden Trost tief in uns, mit Verlaub,<br \/>\nund die Macht uns\u2019rer Liebe nicht \u00fcberschatten.<\/p>\n<\/blockquote>\n<p style=\"text-align: right;\"><em>In memoriam Reinhard L\u00fcer,<\/em><br \/>\n<em> dem liebsten Onkel und besten Lektor, den man sich w\u00fcnschen kann.<\/em><\/p>\n<p style=\"text-align: right;\">Claudia L\u00fcer<br \/>\n<a href=\"https:\/\/www.verdichtet.at\/?p=14596\">Informationen zu Ver\u00f6ffentlichungen und Buchbestellungen<\/a><\/p>\n<p style=\"text-align: right;\">www.verdichtet.at |\u00a0Kategorie: <a href=\"http:\/\/www.verdichtet.at\/?page_id=418\">hardly secret diary<\/a> | Inventarnummer: 24029<\/p>\n<p>xxx<\/p>\n","protected":false},"excerpt":{"rendered":"<p>Vor dir, grausamer Geist, war noch niemand gefeit. Raubst mir mit eisiger K\u00e4lte die Lebendigkeit, lie\u00df\u2019t nicht lang auf dich warten. In deinem Spiel mit offenen Karten schlugst du r\u00fccksichtslos zu \u2013 mit deiner unerbittlichen Endlichkeit. \u201eLeben geht nicht ohne mich\u201c, sagst du, lachst h\u00e4misch und r\u00e4kelst dich selbstverliebt. Zielst mitten ins Herz, mit t\u00f6dlicher [&hellip;]<\/p>\n","protected":false},"author":4,"featured_media":0,"comment_status":"open","ping_status":"open","sticky":false,"template":"","format":"standard","meta":{"footnotes":""},"categories":[170],"tags":[36],"class_list":["post-17371","post","type-post","status-publish","format-standard","hentry","category-lueer-claudia","tag-hardly-secret-diary"],"_links":{"self":[{"href":"http:\/\/www.verdichtet.at\/index.php?rest_route=\/wp\/v2\/posts\/17371","targetHints":{"allow":["GET"]}}],"collection":[{"href":"http:\/\/www.verdichtet.at\/index.php?rest_route=\/wp\/v2\/posts"}],"about":[{"href":"http:\/\/www.verdichtet.at\/index.php?rest_route=\/wp\/v2\/types\/post"}],"author":[{"embeddable":true,"href":"http:\/\/www.verdichtet.at\/index.php?rest_route=\/wp\/v2\/users\/4"}],"replies":[{"embeddable":true,"href":"http:\/\/www.verdichtet.at\/index.php?rest_route=%2Fwp%2Fv2%2Fcomments&post=17371"}],"version-history":[{"count":10,"href":"http:\/\/www.verdichtet.at\/index.php?rest_route=\/wp\/v2\/posts\/17371\/revisions"}],"predecessor-version":[{"id":22626,"href":"http:\/\/www.verdichtet.at\/index.php?rest_route=\/wp\/v2\/posts\/17371\/revisions\/22626"}],"wp:attachment":[{"href":"http:\/\/www.verdichtet.at\/index.php?rest_route=%2Fwp%2Fv2%2Fmedia&parent=17371"}],"wp:term":[{"taxonomy":"category","embeddable":true,"href":"http:\/\/www.verdichtet.at\/index.php?rest_route=%2Fwp%2Fv2%2Fcategories&post=17371"},{"taxonomy":"post_tag","embeddable":true,"href":"http:\/\/www.verdichtet.at\/index.php?rest_route=%2Fwp%2Fv2%2Ftags&post=17371"}],"curies":[{"name":"wp","href":"https:\/\/api.w.org\/{rel}","templated":true}]}}