{"id":16988,"date":"2023-11-08T10:00:09","date_gmt":"2023-11-08T10:00:09","guid":{"rendered":"http:\/\/www.verdichtet.at\/?p=16988"},"modified":"2026-04-27T16:51:38","modified_gmt":"2026-04-27T16:51:38","slug":"sterbender-moment","status":"publish","type":"post","link":"http:\/\/www.verdichtet.at\/?p=16988","title":{"rendered":"Sterbender Moment"},"content":{"rendered":"<div class=\"pdfprnt-buttons pdfprnt-buttons-post pdfprnt-top-right\"><a href=\"http:\/\/www.verdichtet.at\/index.php?rest_route=wpv2posts16988&print=pdf\" class=\"pdfprnt-button pdfprnt-button-pdf\" target=\"_blank\"><\/a><a href=\"http:\/\/www.verdichtet.at\/index.php?rest_route=wpv2posts16988&print=print\" class=\"pdfprnt-button pdfprnt-button-print\" target=\"_blank\"><\/a><\/div><blockquote>\n<p style=\"text-align: center;\">Ich renne durch die Zeit,<br \/>\nwill was hinterlassen,<br \/>\nf\u00fcr die Ewigkeit.<br \/>\nWill nichts verpassen<br \/>\nund jeden einzelnen Moment<br \/>\nfeiern mit dir!<br \/>\nAusgelassen, ungehemmt,<br \/>\nim Jetzt und Hier.<br \/>\nIhn aufkochen, so lange,<br \/>\nbis er Seifenblasen schl\u00e4gt,<br \/>\ndie ich f\u00fcr uns fange.<br \/>\nDie uns so lange, wie der Moment noch tr\u00e4gt,<br \/>\nbunt schillernd umh\u00fcllen<br \/>\nund mit Dopamin bef\u00fcllen,<br \/>\ndas unser Herz befl\u00fcgelt,<br \/>\nSchmerz ausb\u00fcgelt,<br \/>\nsodass wir fr\u00f6hlich singend schweben<br \/>\neinkehren und mit berauschten Sinnen<br \/>\ndurch Gl\u00fcckshemisph\u00e4ren schwingen \u2026<br \/>\nbis zum Firmament,<br \/>\nwo sich der Moment<br \/>\ndann festsaugt und eingr\u00e4bt.<br \/>\nUns pr\u00e4gt.<br \/>\nF\u00fcr unser ganzes Leben.<\/p>\n<p style=\"text-align: center;\">Und wenn die bunten Blasen schrumpfen<br \/>\nwill ich der dumpfen Leere entkommen,<br \/>\ngie\u00dfe ganz unvoreingenommen<br \/>\nSauerstoff ins Feuer,<br \/>\nbis es wieder brennt<br \/>\nund erneuer den Moment,<br \/>\nwenn ich in einer spannenden Geschichte<br \/>\nbr\u00fchwarm von ihm berichte.<br \/>\nGeb meinen letzten Atem,<br \/>\nwill genie\u00dfen und warten,<br \/>\nbis er dem Jetzt entflieht<br \/>\nund mich nicht mehr sieht.<br \/>\nWill alles aussch\u00f6pfen, was geht,<br \/>\nsolange mein Herz schl\u00e4gt.<\/p>\n<p style=\"text-align: center;\">Stell mich der Zeit in den Weg, die noch schneller rennt,<br \/>\nhalte sie auf und plane schon einen neuen Moment<br \/>\nwider der Verg\u00e4nglichkeit List und T\u00fccke,<br \/>\nahne, erkenne, stopfe die Zeitl\u00fccke<br \/>\nund f\u00fchle mit jedem Herzschlag,<br \/>\nwie ich ihr immer n\u00e4her r\u00fccke.<br \/>\nVerzweifle, wenn du mir, weil du mich sch\u00e4tzt,<br \/>\nGrenzen setzt, mich sch\u00fctzt,<br \/>\nbevor es mich zerrei\u00dft,<br \/>\nweil mir das Leben beweist,<br \/>\ndass es nur bedingt planbar ist.<\/p>\n<p style=\"text-align: center;\">Doch eines Tages steh ich da<br \/>\nund sehe ganz genau, was war.<br \/>\nHab gen\u00fcgend Zeit<br \/>\nzum Reflektieren der Vergangenheit,<br \/>\nmich mit gro\u00dfer Freude in alten Bildern,<br \/>\ndie meinen langen Weg beschildern,<br \/>\nzu verlieren.<br \/>\nDann w\u00e4re es fatal,<br \/>\nwenn mir mit einem Mal<br \/>\nklar w\u00fcrde, dass mir ein lichter Moment<br \/>\nentkam. In einem Sturm, der einst vehement<br \/>\n\u00fcber mein Leben fegte. Vor vielen Jahrn.<br \/>\nDann bin ich vielleicht froh,<br \/>\nwenn ich ihn doch irgendwo in mir trage,<br \/>\nweil ich ja immer alles gegeben habe,<br \/>\nund erz\u00e4hle dir davon.<br \/>\nUnd wenn nicht,<br \/>\nso bin ich frei,<br \/>\nweil ich mir verzeih.<br \/>\nDenn heute ist mir klar, ich kann nicht alles wissen,<br \/>\nplanen und erahnen,<br \/>\ndeshalb werd ich ihn in dem Moment,<br \/>\nder mich dann beschenkt,<br \/>\nauch nicht vermissen.<\/p>\n<\/blockquote>\n<p style=\"text-align: right;\">Claudia L\u00fcer<br \/>\n<a href=\"https:\/\/www.verdichtet.at\/?p=14596\">Informationen zu Ver\u00f6ffentlichungen und Buchbestellungen<\/a><\/p>\n<p style=\"text-align: right;\">www.verdichtet.at | Kategorie: <a href=\"http:\/\/www.verdichtet.at\/?page_id=416\">es menschelt<\/a> | Inventarnummer:\u00a0 23159<\/p>\n","protected":false},"excerpt":{"rendered":"<p>Ich renne durch die Zeit, will was hinterlassen, f\u00fcr die Ewigkeit. Will nichts verpassen und jeden einzelnen Moment feiern mit dir! Ausgelassen, ungehemmt, im Jetzt und Hier. Ihn aufkochen, so lange, bis er Seifenblasen schl\u00e4gt, die ich f\u00fcr uns fange. Die uns so lange, wie der Moment noch tr\u00e4gt, bunt schillernd umh\u00fcllen und mit Dopamin [&hellip;]<\/p>\n","protected":false},"author":4,"featured_media":0,"comment_status":"open","ping_status":"open","sticky":false,"template":"","format":"standard","meta":{"footnotes":""},"categories":[170],"tags":[11],"class_list":["post-16988","post","type-post","status-publish","format-standard","hentry","category-lueer-claudia","tag-es-menschelt"],"_links":{"self":[{"href":"http:\/\/www.verdichtet.at\/index.php?rest_route=\/wp\/v2\/posts\/16988","targetHints":{"allow":["GET"]}}],"collection":[{"href":"http:\/\/www.verdichtet.at\/index.php?rest_route=\/wp\/v2\/posts"}],"about":[{"href":"http:\/\/www.verdichtet.at\/index.php?rest_route=\/wp\/v2\/types\/post"}],"author":[{"embeddable":true,"href":"http:\/\/www.verdichtet.at\/index.php?rest_route=\/wp\/v2\/users\/4"}],"replies":[{"embeddable":true,"href":"http:\/\/www.verdichtet.at\/index.php?rest_route=%2Fwp%2Fv2%2Fcomments&post=16988"}],"version-history":[{"count":13,"href":"http:\/\/www.verdichtet.at\/index.php?rest_route=\/wp\/v2\/posts\/16988\/revisions"}],"predecessor-version":[{"id":22628,"href":"http:\/\/www.verdichtet.at\/index.php?rest_route=\/wp\/v2\/posts\/16988\/revisions\/22628"}],"wp:attachment":[{"href":"http:\/\/www.verdichtet.at\/index.php?rest_route=%2Fwp%2Fv2%2Fmedia&parent=16988"}],"wp:term":[{"taxonomy":"category","embeddable":true,"href":"http:\/\/www.verdichtet.at\/index.php?rest_route=%2Fwp%2Fv2%2Fcategories&post=16988"},{"taxonomy":"post_tag","embeddable":true,"href":"http:\/\/www.verdichtet.at\/index.php?rest_route=%2Fwp%2Fv2%2Ftags&post=16988"}],"curies":[{"name":"wp","href":"https:\/\/api.w.org\/{rel}","templated":true}]}}