{"id":16873,"date":"2023-10-21T16:40:52","date_gmt":"2023-10-21T16:40:52","guid":{"rendered":"http:\/\/www.verdichtet.at\/?p=16873"},"modified":"2026-04-27T16:51:50","modified_gmt":"2026-04-27T16:51:50","slug":"gluecksmoment","status":"publish","type":"post","link":"http:\/\/www.verdichtet.at\/?p=16873","title":{"rendered":"Gl\u00fccksmoment"},"content":{"rendered":"<div class=\"pdfprnt-buttons pdfprnt-buttons-post pdfprnt-top-right\"><a href=\"http:\/\/www.verdichtet.at\/index.php?rest_route=wpv2posts16873&print=pdf\" class=\"pdfprnt-button pdfprnt-button-pdf\" target=\"_blank\"><\/a><a href=\"http:\/\/www.verdichtet.at\/index.php?rest_route=wpv2posts16873&print=print\" class=\"pdfprnt-button pdfprnt-button-print\" target=\"_blank\"><\/a><\/div><blockquote>\n<p style=\"text-align: center;\">Ich muss mich mal kurz setzen<br \/>\nund dem Hetzen und Hasten<br \/>\nzu Lasten der Dinge,<br \/>\ndie dann unverrichtet bleiben,<br \/>\nEinhalt gebieten. Den Moment sch\u00e4tzen<br \/>\nund mal kl\u00fcgeres Zeitmanagement betreiben.<br \/>\nDa f\u00fchl ich dich in meinem R\u00fccken,<br \/>\nl\u00e4chle schon, anstatt mich umzublicken.<br \/>\nUnd mit jedem deiner Schritte<br \/>\nr\u00fcck ich mehr in meine Mitte,<br \/>\nsp\u00fcre, wie sich der Moment verdichtet,<br \/>\ner mein F\u00fchlen tunt<br \/>\nund all meine Sinnesantennen aufrichtet,<br \/>\nwie dein Glanz unser Sein belichtet.<br \/>\nUnd ich kann\u2019s kaum erwarten,<br \/>\nbis deine W\u00e4rme mein Herz erreicht,<br \/>\ndie Allt\u00e4glichkeit aus mir weicht<br \/>\nund ich in deinen Atem<br \/>\nflie\u00dfen kann.<br \/>\nDann fang ich den Moment ein,<br \/>\nsolang er noch brennt,<br \/>\nund entlocke ihm das Gl\u00fcck.<br \/>\nR\u00fcck nah zu dir hin,<br \/>\nspiegle mich in deinem Licht<br \/>\nund wei\u00df, dass ich hier richtig bin.<br \/>\nDenn du bist der Sinn,<br \/>\nund nichts h\u00e4tte Wert ohne dich.<\/p>\n<\/blockquote>\n<p style=\"text-align: right;\">Claudia L\u00fcer<br \/>\n<a href=\"https:\/\/www.verdichtet.at\/?p=14596\">Informationen zu Ver\u00f6ffentlichungen und Buchbestellungen<\/a><\/p>\n<p style=\"text-align: right;\">www.verdichtet.at |\u00a0Kategorie: <a href=\"http:\/\/www.verdichtet.at\/?page_id=403\">verliebt verlobt verboten<\/a> | Inventarnummer: 23155<\/p>\n","protected":false},"excerpt":{"rendered":"<p>Ich muss mich mal kurz setzen und dem Hetzen und Hasten zu Lasten der Dinge, die dann unverrichtet bleiben, Einhalt gebieten. Den Moment sch\u00e4tzen und mal kl\u00fcgeres Zeitmanagement betreiben. Da f\u00fchl ich dich in meinem R\u00fccken, l\u00e4chle schon, anstatt mich umzublicken. Und mit jedem deiner Schritte r\u00fcck ich mehr in meine Mitte, sp\u00fcre, wie sich [&hellip;]<\/p>\n","protected":false},"author":4,"featured_media":0,"comment_status":"open","ping_status":"open","sticky":false,"template":"","format":"standard","meta":{"footnotes":""},"categories":[170],"tags":[20],"class_list":["post-16873","post","type-post","status-publish","format-standard","hentry","category-lueer-claudia","tag-verliebt-verlobt-verboten"],"_links":{"self":[{"href":"http:\/\/www.verdichtet.at\/index.php?rest_route=\/wp\/v2\/posts\/16873","targetHints":{"allow":["GET"]}}],"collection":[{"href":"http:\/\/www.verdichtet.at\/index.php?rest_route=\/wp\/v2\/posts"}],"about":[{"href":"http:\/\/www.verdichtet.at\/index.php?rest_route=\/wp\/v2\/types\/post"}],"author":[{"embeddable":true,"href":"http:\/\/www.verdichtet.at\/index.php?rest_route=\/wp\/v2\/users\/4"}],"replies":[{"embeddable":true,"href":"http:\/\/www.verdichtet.at\/index.php?rest_route=%2Fwp%2Fv2%2Fcomments&post=16873"}],"version-history":[{"count":12,"href":"http:\/\/www.verdichtet.at\/index.php?rest_route=\/wp\/v2\/posts\/16873\/revisions"}],"predecessor-version":[{"id":22629,"href":"http:\/\/www.verdichtet.at\/index.php?rest_route=\/wp\/v2\/posts\/16873\/revisions\/22629"}],"wp:attachment":[{"href":"http:\/\/www.verdichtet.at\/index.php?rest_route=%2Fwp%2Fv2%2Fmedia&parent=16873"}],"wp:term":[{"taxonomy":"category","embeddable":true,"href":"http:\/\/www.verdichtet.at\/index.php?rest_route=%2Fwp%2Fv2%2Fcategories&post=16873"},{"taxonomy":"post_tag","embeddable":true,"href":"http:\/\/www.verdichtet.at\/index.php?rest_route=%2Fwp%2Fv2%2Ftags&post=16873"}],"curies":[{"name":"wp","href":"https:\/\/api.w.org\/{rel}","templated":true}]}}