{"id":16697,"date":"2023-09-27T13:30:58","date_gmt":"2023-09-27T13:30:58","guid":{"rendered":"http:\/\/www.verdichtet.at\/?p=16697"},"modified":"2026-04-27T16:52:04","modified_gmt":"2026-04-27T16:52:04","slug":"fuer-meine-eltern-2","status":"publish","type":"post","link":"http:\/\/www.verdichtet.at\/?p=16697","title":{"rendered":"F\u00fcr meine Eltern"},"content":{"rendered":"<div class=\"pdfprnt-buttons pdfprnt-buttons-post pdfprnt-top-right\"><a href=\"http:\/\/www.verdichtet.at\/index.php?rest_route=wpv2posts16697&print=pdf\" class=\"pdfprnt-button pdfprnt-button-pdf\" target=\"_blank\"><\/a><a href=\"http:\/\/www.verdichtet.at\/index.php?rest_route=wpv2posts16697&print=print\" class=\"pdfprnt-button pdfprnt-button-print\" target=\"_blank\"><\/a><\/div><blockquote>\n<p style=\"text-align: center;\">Ihr seid der Stamm, aus dem meine \u00c4ste sprie\u00dfen<br \/>\nund der Fluss, in dem meine Tr\u00e4ume flie\u00dfen,<br \/>\nhabt mich unerm\u00fcdlich mit Liebe betankt,<br \/>\nmein Herz geformt und mich mit Dornen umrankt,<br \/>\num meine Bl\u00fcten zu sch\u00fctzen, die auf knallbunten Bl\u00e4ttern sitzen,<br \/>\nund ich sah euch unentwegt durch das Leben flitzen,<br \/>\nweil ihr sie m\u00fchevoll angemalt habt, mit satten Strichen und samtweichen Borsten<br \/>\nund in leuchtenden T\u00f6nen aus eurem unersch\u00f6pflichen Farbvorrat.<\/p>\n<p style=\"text-align: center;\">Eure W\u00e4rme hat sich unter meine Haut gelegt,<br \/>\nund euer Atem hat meine Seele reingefegt.<br \/>\nIhr wart voller Verst\u00e4ndnis, habt meine Schw\u00e4chen gesehen,<br \/>\ndoch mich nie kritisiert und stattdessen meine St\u00e4rken gemessen,<br \/>\nmich f\u00fcr alles gelobt, was ich kann, und eure Worte haben mein Herz bewegt.<br \/>\nIhr habt mich mit Vertrauen ged\u00fcngt, immer an mich geglaubt,<br \/>\nf\u00fcr mich Edelsteine geraubt und nie vergessen, mir Halt zu geben,<br \/>\nso konnte ich mich an euch hochziehen, mit aller Kraft aufbl\u00fchen und mein Leben leben.<\/p>\n<p style=\"text-align: center;\">Ihr seid die W\u00f6rtersammlung f\u00fcr die Geschichte, die mein Leben schreibt,<br \/>\nund schlagt den Rhythmus in meinem Lieblingslied,<br \/>\nseid die Insel, die in meinem Hafen treibt,<br \/>\nauf der ich ausruh\u2019n kann, wenn mein Herz ins Strudeln geriet.<br \/>\nFormt meine Heimat, in der ich Wurzeln f\u00fchle, bedingungslose Liebe sp\u00fcre<br \/>\nund Energie auflade. F\u00fcr alle Zeit.<\/p>\n<p style=\"text-align: center;\">Mein ganzes Leben seid ihr wie selbstverst\u00e4ndlich f\u00fcr mich da,<br \/>\nh\u00e4mmert mir St\u00fctzpfeiler in den R\u00fccken und baut mir Br\u00fccken<br \/>\n\u00fcber tobende Fl\u00fcsse, streut Zuversicht in meine Tr\u00e4ume und macht mir jeden Tag klar,<br \/>\nwie wichtig es ist, f\u00fcr sich selbst einzustehen, den eigenen Weg zu gehen,<br \/>\nden ihr mit Bleistift vorgespurt habt. Und wenn ich mal abgeschweift bin,<br \/>\nkam es euch nie in den Sinn, mit mir zu hadern, habt mich immer noch gesehen,<br \/>\nwie ich bin, habt an meinem Wegesrand B\u00e4ume gepflanzt, die mir Schatten spenden,<br \/>\nin dem ich rasten kann, um mich nach innen zu wenden und nicht so viel Kraft zu verschwenden.<\/p>\n<p style=\"text-align: center;\">Ihr hieltet mich aus, wenn ich mich selbst nicht mehr ertrug,<br \/>\nseid mir in die Verzweiflung gefolgt, habt um mich gezittert,<br \/>\ndie Gefahren gewittert, als ich eine falsche Richtung einschlug,<br \/>\nmir klammheimlich Antik\u00f6rper in mein Blut injiziert, und ich habe lange nicht kapiert,<br \/>\ndass ihr immer mein Bestes wollt, und wei\u00df, seitdem ich eigene Kinder hab,<br \/>\nwas ihr da ausgehalten habt mit mir, danke euch von Herzen daf\u00fcr<br \/>\nund stehe jeden Tag vor eurer T\u00fcr, um euch was zur\u00fcckzugeben,<br \/>\neuch mit liebenden Worten zu verpflegen und von meinem Segen und dem Glanz in meinem Leben abzugeben.<\/p>\n<p style=\"text-align: center;\">Denn ihr seid die W\u00f6rtersammlung f\u00fcr die Geschichte, die mein Leben schreibt,<br \/>\nund schlagt den Rhythmus in meinem Lieblingslied,<br \/>\nseid die Insel, die in meinem Hafen treibt,<br \/>\nauf der ich ausruh\u2019n kann, wenn mein Herz ins Strudeln geriet.<br \/>\nFormt meine Heimat, in der ich Wurzeln f\u00fchle, bedingungslose Liebe sp\u00fcre<br \/>\nund Energie auflade. F\u00fcr alle Zeit.<\/p>\n<p style=\"text-align: center;\">Nun seid ihr alt und mir wird bewusst, dass ich mich bald<br \/>\nvon euch verabschieden muss, dass ihr vorausgeht in eine andere Welt,<br \/>\nund ich zur\u00fcckbleibe, elternlos bin, versuche mit aller Gewalt<br \/>\nden Gedanken zu verjagen, ihn mir aus dem Kopf zu schlagen und will ihn um keinen Preis<br \/>\nzulassen, weil ich wei\u00df, dass er der Anfang ist von dem, was ich f\u00fchle,<br \/>\ndas als Ahnung schon mein ganzes Leben in mir ruht, wie eine drohende Flut,<br \/>\ndie Angst, euch zu verlieren, ohne euch zu existieren, dass ohne euren Schutz<br \/>\nmeine ganze Welt zusammenf\u00e4llt, mein Mut und mein Vertrauen an den Klippen zerschellt.<\/p>\n<p style=\"text-align: center;\">Denn wenn ihr geht, dann ist das ein Wechsel der Gezeiten, und ich<br \/>\nwerde eine Grenze \u00fcberschreiten, eine Felsspalte \u00fcberspringen m\u00fcssen, in eine<br \/>\nandere Zeitzone ziehen. Mein Leben ist dann zweigeschnitten, und ich kann nicht wissen,<br \/>\nwie sie sich anf\u00fchlt, die Trauer, die meiner Liebe folgt, ahne Unabw\u00e4gbarkeiten,<br \/>\ndie mir Angst machen. Und ihr sagt, sie wird sich irgendwann geben, die Zeit<br \/>\nwird feine F\u00e4den um sie weben, und ihr seid dann immer noch da, um \u00fcber mich zu wachen,<br \/>\nmeine Welt zu \u00fcberdachen, mir ganz nah, das k\u00f6nne ich f\u00fchlen, jederzeit.<br \/>\nDoch ich habe schon jetzt die Sicherheit, dass der Schmerz in meinem Herz bleibt.<\/p>\n<p style=\"text-align: center;\">Denn ihr seid die W\u00f6rtersammlung f\u00fcr die Geschichte, die mein Leben schreibt,<br \/>\nund schlagt den Rhythmus in meinem Lieblingslied,<br \/>\nseid die Insel, die in meinem Hafen treibt,<br \/>\nauf der ich ausruh\u2019n kann, wenn mein Herz ins Strudeln geriet.<br \/>\nFormt meine Heimat, in der ich Wurzeln f\u00fchle, bedingungslose Liebe sp\u00fcre<br \/>\nund Energie auflade. F\u00fcr alle Zeit.<\/p>\n<p style=\"text-align: center;\">Doch ich verspreche euch, nach vorne zu sehen, meinen Weg weiterzugehen,<br \/>\nden ihr im Tiefschnee gespurt habt, die Weichen, die ihr gestellt habt, nicht zu \u00fcbersehen,<br \/>\natme euren Lebenshauch und lasse eure W\u00f6rter in meinem Bauch fortklingen,<br \/>\nwerde ein Lied daraus formen und f\u00fcr euch singen, in das der Wind mit einstimmt,<br \/>\nmit hoch zu den Wolken nimmt, werde eure Gedanken fortspinnen und in die Ewigkeit schicken,<br \/>\nauf eure Spuren im Sand blicken, sie freilegen, ausgie\u00dfen und f\u00fcr immer haltbar machen,<br \/>\nmir damit Halt geben, mich jeden Tag an das Bild von euch besinnen.<br \/>\nLass eure Werte in meinem Herzen weiterleben und f\u00fchle tiefe Dankbarkeit,<br \/>\nweil ihr meine Eltern seid.<\/p>\n<\/blockquote>\n<p style=\"text-align: right;\">Claudia L\u00fcer<br \/>\n<a href=\"https:\/\/www.verdichtet.at\/?p=14596\">Informationen zu Ver\u00f6ffentlichungen und Buchbestellungen<\/a><\/p>\n<p style=\"text-align: right;\">www.verdichtet.at |\u00a0Kategorie: <a href=\"http:\/\/www.verdichtet.at\/?page_id=418\">hardly secret diary<\/a> | Inventarnummer: 23124<\/p>\n","protected":false},"excerpt":{"rendered":"<p>Ihr seid der Stamm, aus dem meine \u00c4ste sprie\u00dfen und der Fluss, in dem meine Tr\u00e4ume flie\u00dfen, habt mich unerm\u00fcdlich mit Liebe betankt, mein Herz geformt und mich mit Dornen umrankt, um meine Bl\u00fcten zu sch\u00fctzen, die auf knallbunten Bl\u00e4ttern sitzen, und ich sah euch unentwegt durch das Leben flitzen, weil ihr sie m\u00fchevoll angemalt [&hellip;]<\/p>\n","protected":false},"author":4,"featured_media":0,"comment_status":"open","ping_status":"open","sticky":false,"template":"","format":"standard","meta":{"footnotes":""},"categories":[170],"tags":[36],"class_list":["post-16697","post","type-post","status-publish","format-standard","hentry","category-lueer-claudia","tag-hardly-secret-diary"],"_links":{"self":[{"href":"http:\/\/www.verdichtet.at\/index.php?rest_route=\/wp\/v2\/posts\/16697","targetHints":{"allow":["GET"]}}],"collection":[{"href":"http:\/\/www.verdichtet.at\/index.php?rest_route=\/wp\/v2\/posts"}],"about":[{"href":"http:\/\/www.verdichtet.at\/index.php?rest_route=\/wp\/v2\/types\/post"}],"author":[{"embeddable":true,"href":"http:\/\/www.verdichtet.at\/index.php?rest_route=\/wp\/v2\/users\/4"}],"replies":[{"embeddable":true,"href":"http:\/\/www.verdichtet.at\/index.php?rest_route=%2Fwp%2Fv2%2Fcomments&post=16697"}],"version-history":[{"count":12,"href":"http:\/\/www.verdichtet.at\/index.php?rest_route=\/wp\/v2\/posts\/16697\/revisions"}],"predecessor-version":[{"id":22630,"href":"http:\/\/www.verdichtet.at\/index.php?rest_route=\/wp\/v2\/posts\/16697\/revisions\/22630"}],"wp:attachment":[{"href":"http:\/\/www.verdichtet.at\/index.php?rest_route=%2Fwp%2Fv2%2Fmedia&parent=16697"}],"wp:term":[{"taxonomy":"category","embeddable":true,"href":"http:\/\/www.verdichtet.at\/index.php?rest_route=%2Fwp%2Fv2%2Fcategories&post=16697"},{"taxonomy":"post_tag","embeddable":true,"href":"http:\/\/www.verdichtet.at\/index.php?rest_route=%2Fwp%2Fv2%2Ftags&post=16697"}],"curies":[{"name":"wp","href":"https:\/\/api.w.org\/{rel}","templated":true}]}}