{"id":16001,"date":"2023-05-29T12:39:57","date_gmt":"2023-05-29T12:39:57","guid":{"rendered":"http:\/\/www.verdichtet.at\/?p=16001"},"modified":"2026-04-27T16:52:30","modified_gmt":"2026-04-27T16:52:30","slug":"ausgedachtes-zum-lauf-der-dinge","status":"publish","type":"post","link":"http:\/\/www.verdichtet.at\/?p=16001","title":{"rendered":"Leben"},"content":{"rendered":"<div class=\"pdfprnt-buttons pdfprnt-buttons-post pdfprnt-top-right\"><a href=\"http:\/\/www.verdichtet.at\/index.php?rest_route=wpv2posts16001&print=pdf\" class=\"pdfprnt-button pdfprnt-button-pdf\" target=\"_blank\"><\/a><a href=\"http:\/\/www.verdichtet.at\/index.php?rest_route=wpv2posts16001&print=print\" class=\"pdfprnt-button pdfprnt-button-print\" target=\"_blank\"><\/a><\/div><blockquote>\n<p style=\"text-align: center;\">Die G\u00e4nge des Lebens<br \/>\nverschachteln sich<br \/>\nsorgen f\u00fcr Verwirrung<br \/>\nim Herzen<br \/>\nschmerzen<br \/>\nje mehr Jahre es frisst<br \/>\nStra\u00dfenverl\u00e4ufe<br \/>\nk\u00f6nnen kompliziert<br \/>\nun\u00fcbersichtlich<br \/>\nund verworren werden<br \/>\nverwirren<br \/>\nlassen verirren<br \/>\nweil die Richtung<br \/>\nnicht klar erkennbar ist<br \/>\nmanche Wegweiser t\u00e4uschen sogar<br \/>\nfalsche F\u00e4hrten vor<br \/>\nerweisen sich nicht<br \/>\nals hilfreich und<br \/>\nmit den Jahren<br \/>\nh\u00e4ufen sich Sackgassen<br \/>\ndie eine ungebremste Fahrt<br \/>\nerschweren<br \/>\noder gar<br \/>\nganz blockieren<br \/>\nzur\u00fcck geht es nimmer<\/p>\n<p style=\"text-align: center;\">Wege verschm\u00e4lern sich<br \/>\nvon Zeit zu Zeit<br \/>\nund am Stra\u00dfenrand<br \/>\nlauert Gesagtes<br \/>\ndas sich nicht mehr<br \/>\nverr\u00fccken l\u00e4sst<br \/>\nsorgt f\u00fcr \u00fcberraschende Fortl\u00e4ufe<br \/>\ndie so<br \/>\nnicht geplant waren<br \/>\nsowieso<br \/>\nist die Reise<br \/>\nnicht planbar<br \/>\nunvorhersehbar<br \/>\nmal bunte Blumen<br \/>\ndann karges<br \/>\nfelsiges<br \/>\nUngesagtes<br \/>\ndas den Weg versperrt<br \/>\nunerh\u00f6rt<br \/>\nden Fluss st\u00f6rt<br \/>\nund Verdruss<br \/>\nist unausweichlich<\/p>\n<p style=\"text-align: center;\">Wahre Lebenskunst beweist<br \/>\nwer sich im Schildergewirr<br \/>\nnicht verirrt<br \/>\nsich im richtigen Tempo<br \/>\nfortbewegt<br \/>\nnicht zu schnell<br \/>\nund nicht zu langsam<br \/>\nsich nicht verrennt<br \/>\nm\u00f6gliche Beifahrer<br \/>\ndie zur Entwirrung beitragen<br \/>\nerkennt<br \/>\nund den falschen<br \/>\ndie T\u00fcr verschlie\u00dft<br \/>\neinen Stau<br \/>\nschon von Weitem wittert<br \/>\ngro\u00dfr\u00e4umig umf\u00e4hrt<br \/>\nund dabei<br \/>\n\u00fcber eine fast vergessene<br \/>\nduftende Blumenwiese fliegt<br \/>\ndie dich in eine andere<br \/>\nRichtung denkt<br \/>\nverloren geglaubte Tr\u00e4ume<br \/>\nwiederbelebt<br \/>\ndie Sinne anregt<br \/>\ndeine Bahnen leerfegt<br \/>\nund dich in freier Fahrt<br \/>\ndurch dein Herz lenkt<\/p>\n<\/blockquote>\n<p style=\"text-align: right;\">Claudia L\u00fcer<br \/>\n<a href=\"https:\/\/www.verdichtet.at\/?p=14596\">Informationen zu Ver\u00f6ffentlichungen und Buchbestellungen<\/a><\/p>\n<p style=\"text-align: right;\">www.verdichtet.at | Kategorie: <a href=\"http:\/\/www.verdichtet.at\/?page_id=416\">es menschelt<\/a> | Inventarnummer:\u00a0 23115<\/p>\n","protected":false},"excerpt":{"rendered":"<p>Die G\u00e4nge des Lebens verschachteln sich sorgen f\u00fcr Verwirrung im Herzen schmerzen je mehr Jahre es frisst Stra\u00dfenverl\u00e4ufe k\u00f6nnen kompliziert un\u00fcbersichtlich und verworren werden verwirren lassen verirren weil die Richtung nicht klar erkennbar ist manche Wegweiser t\u00e4uschen sogar falsche F\u00e4hrten vor erweisen sich nicht als hilfreich und mit den Jahren h\u00e4ufen sich Sackgassen die eine [&hellip;]<\/p>\n","protected":false},"author":4,"featured_media":0,"comment_status":"open","ping_status":"open","sticky":false,"template":"","format":"standard","meta":{"footnotes":""},"categories":[170],"tags":[11],"class_list":["post-16001","post","type-post","status-publish","format-standard","hentry","category-lueer-claudia","tag-es-menschelt"],"_links":{"self":[{"href":"http:\/\/www.verdichtet.at\/index.php?rest_route=\/wp\/v2\/posts\/16001","targetHints":{"allow":["GET"]}}],"collection":[{"href":"http:\/\/www.verdichtet.at\/index.php?rest_route=\/wp\/v2\/posts"}],"about":[{"href":"http:\/\/www.verdichtet.at\/index.php?rest_route=\/wp\/v2\/types\/post"}],"author":[{"embeddable":true,"href":"http:\/\/www.verdichtet.at\/index.php?rest_route=\/wp\/v2\/users\/4"}],"replies":[{"embeddable":true,"href":"http:\/\/www.verdichtet.at\/index.php?rest_route=%2Fwp%2Fv2%2Fcomments&post=16001"}],"version-history":[{"count":18,"href":"http:\/\/www.verdichtet.at\/index.php?rest_route=\/wp\/v2\/posts\/16001\/revisions"}],"predecessor-version":[{"id":22632,"href":"http:\/\/www.verdichtet.at\/index.php?rest_route=\/wp\/v2\/posts\/16001\/revisions\/22632"}],"wp:attachment":[{"href":"http:\/\/www.verdichtet.at\/index.php?rest_route=%2Fwp%2Fv2%2Fmedia&parent=16001"}],"wp:term":[{"taxonomy":"category","embeddable":true,"href":"http:\/\/www.verdichtet.at\/index.php?rest_route=%2Fwp%2Fv2%2Fcategories&post=16001"},{"taxonomy":"post_tag","embeddable":true,"href":"http:\/\/www.verdichtet.at\/index.php?rest_route=%2Fwp%2Fv2%2Ftags&post=16001"}],"curies":[{"name":"wp","href":"https:\/\/api.w.org\/{rel}","templated":true}]}}