{"id":15714,"date":"2023-03-26T08:40:05","date_gmt":"2023-03-26T08:40:05","guid":{"rendered":"http:\/\/www.verdichtet.at\/?p=15714"},"modified":"2026-04-27T16:53:03","modified_gmt":"2026-04-27T16:53:03","slug":"das-blau-in-deinen-augen","status":"publish","type":"post","link":"http:\/\/www.verdichtet.at\/?p=15714","title":{"rendered":"Das Blau in deinen Augen"},"content":{"rendered":"<div class=\"pdfprnt-buttons pdfprnt-buttons-post pdfprnt-top-right\"><a href=\"http:\/\/www.verdichtet.at\/index.php?rest_route=wpv2posts15714&print=pdf\" class=\"pdfprnt-button pdfprnt-button-pdf\" target=\"_blank\"><\/a><a href=\"http:\/\/www.verdichtet.at\/index.php?rest_route=wpv2posts15714&print=print\" class=\"pdfprnt-button pdfprnt-button-print\" target=\"_blank\"><\/a><\/div><blockquote>\n<p style=\"text-align: center;\">alles flie\u00dft nichts bleibt wie es ist<br \/>\nLeben schie\u00dft vorbei treibt mich an<br \/>\nund reibt mich auf mal steil<br \/>\nbergauf dann pfeilschnell Schuss ins Tal<br \/>\nmit Verdruss und Qual<br \/>\nim Sternenglanz und ganz<br \/>\nleicht und seicht umweht<br \/>\nmeinen Sinn und steht<br \/>\nnicht still fragt wer ich bin<br \/>\nwas ich will und erreicht<br \/>\nvielleicht mein Herz aus Stein<br \/>\ndass es erweicht und rennt<br \/>\npermanent wirft Licht<br \/>\ndann Schatten auf mein Gesicht<br \/>\nheute bunt morgen grau<br \/>\nbeschwert bl\u00fcht auf<br \/>\nich werd nicht schlau<br \/>\nsieht mich an merkt nicht<br \/>\nwenn ich nicht mehr kann<br \/>\ndass ich frier meine Kraft<br \/>\nverlier und der Wind<br \/>\nsich besinnt er steht still<br \/>\nweil ich kurz innehalten will<br \/>\nzwei Gang runterschalten<br \/>\nsolang mein Gl\u00fcck verwalten<br \/>\neinfrieren mit Stille umrahmen<br \/>\ndas Morgen planen mal pausieren<br \/>\nvon der F\u00fclle zehren neu begehren<br \/>\nden Motor instand setzen<br \/>\ndie verletzten Saiten stimmen<br \/>\nsch\u00f6ne T\u00f6ne sch\u00e4tzen<br \/>\nund halten Berge erklimmen<br \/>\ndas Toben von oben besehen<br \/>\nund zwei Schritte r\u00fcckw\u00e4rtsgehen<br \/>\ndabei ganz neu verstehen<br \/>\n\u2026<br \/>\ndoch das geht nicht<br \/>\ndenn das Fass dreht sich<br \/>\nunerm\u00fcdlich weiter Zeit<br \/>\nsteht nicht still Verg\u00e4nglichkeit<br \/>\nmacht sich breit mehr als ich will<br \/>\naus himmelblau wird grau<br \/>\nund bis gerade eben<br \/>\nwusst ich\u2019s nicht genau<br \/>\nnur wenn ich im Licht<br \/>\ntief in deine Augen schau<br \/>\nbleibt die Zeit stehn<br \/>\nund ich kann in deinem Bann<br \/>\nwenn ich dem Fluss entr\u00fcck<br \/>\nein St\u00fcck<br \/>\nEwigkeit sehn<br \/>\n\u2026<br \/>\nund schon ist\u2019s vorbei<br \/>\nwieder treibt die Zeit<br \/>\nalles flie\u00dft nichts bleibt wie es ist<br \/>\nMenschen warten am Rand<br \/>\nreichen mir die Hand<br \/>\nund geraten voller Kraft in meinen Fluss<br \/>\nich muss ganz gerissen<br \/>\nschnell wissen wer ein St\u00fcck<br \/>\nmit mir schwimmt mein Gl\u00fcck<br \/>\nmitbestimmt meine Lieder<br \/>\nmit mir singt immer wieder<br \/>\nmich beschwingt f\u00fcr wen<br \/>\nmeine Tore offen stehn<br \/>\nund die andern lass ich gehn<br \/>\nmal ohne mal mit Bedauern<br \/>\n\u00fcber Mauern vor mir fliehn<br \/>\nweg in andre Herzen ziehn<br \/>\ndenn Menschen kommen Menschen gehen<br \/>\nund nur die Ver\u00e4nderung bleibt uns treu<br \/>\nformt uns immer wieder neu<br \/>\n\u2026<br \/>\nalles flie\u00dft und mit Sicherheit<br \/>\nbleibt nichts wie es ist Zeit<br \/>\nfrisst sich in mein Herz<br \/>\nd\u00e4mpft den Schmerz und die Wut<br \/>\nkocht das Blut auf nichts ist Verlass<br \/>\nauch nicht auf dein L\u00e4cheln<br \/>\nwenn du von uns sprichst<br \/>\nnur das Blau das ich seh<br \/>\nwenn ich in deine Augen schau<br \/>\ndas ver\u00e4ndert sich nicht<br \/>\nich bleib stehn und ich kann<br \/>\nin deinem Bann darin im Licht<br \/>\nwenn ich dem Fluss entr\u00fcck<br \/>\nganz kurz ein St\u00fcck<br \/>\nEwigkeit sehn<\/p>\n<\/blockquote>\n<p style=\"text-align: right;\">Claudia L\u00fcer<br \/>\n<a href=\"https:\/\/www.verdichtet.at\/?p=14596\">Informationen zu Ver\u00f6ffentlichungen und Buchbestellungen<\/a><\/p>\n<p style=\"text-align: right;\">www.verdichtet.at | Kategorie:\u00a0<a title=\"Que ser\u00e1, ser\u00e1?\" href=\"http:\/\/www.verdichtet.at\/?page_id=3081\"><span style=\"color: #0066cc;\">\u00bfQu\u00e9 ser\u00e1, ser\u00e1?<\/span><\/a> | Inventarnummer: 23090<\/p>\n","protected":false},"excerpt":{"rendered":"<p>alles flie\u00dft nichts bleibt wie es ist Leben schie\u00dft vorbei treibt mich an und reibt mich auf mal steil bergauf dann pfeilschnell Schuss ins Tal mit Verdruss und Qual im Sternenglanz und ganz leicht und seicht umweht meinen Sinn und steht nicht still fragt wer ich bin was ich will und erreicht vielleicht mein Herz [&hellip;]<\/p>\n","protected":false},"author":4,"featured_media":0,"comment_status":"open","ping_status":"open","sticky":false,"template":"","format":"standard","meta":{"footnotes":""},"categories":[170],"tags":[93],"class_list":["post-15714","post","type-post","status-publish","format-standard","hentry","category-lueer-claudia","tag-que-sera-sera"],"_links":{"self":[{"href":"http:\/\/www.verdichtet.at\/index.php?rest_route=\/wp\/v2\/posts\/15714","targetHints":{"allow":["GET"]}}],"collection":[{"href":"http:\/\/www.verdichtet.at\/index.php?rest_route=\/wp\/v2\/posts"}],"about":[{"href":"http:\/\/www.verdichtet.at\/index.php?rest_route=\/wp\/v2\/types\/post"}],"author":[{"embeddable":true,"href":"http:\/\/www.verdichtet.at\/index.php?rest_route=\/wp\/v2\/users\/4"}],"replies":[{"embeddable":true,"href":"http:\/\/www.verdichtet.at\/index.php?rest_route=%2Fwp%2Fv2%2Fcomments&post=15714"}],"version-history":[{"count":8,"href":"http:\/\/www.verdichtet.at\/index.php?rest_route=\/wp\/v2\/posts\/15714\/revisions"}],"predecessor-version":[{"id":22634,"href":"http:\/\/www.verdichtet.at\/index.php?rest_route=\/wp\/v2\/posts\/15714\/revisions\/22634"}],"wp:attachment":[{"href":"http:\/\/www.verdichtet.at\/index.php?rest_route=%2Fwp%2Fv2%2Fmedia&parent=15714"}],"wp:term":[{"taxonomy":"category","embeddable":true,"href":"http:\/\/www.verdichtet.at\/index.php?rest_route=%2Fwp%2Fv2%2Fcategories&post=15714"},{"taxonomy":"post_tag","embeddable":true,"href":"http:\/\/www.verdichtet.at\/index.php?rest_route=%2Fwp%2Fv2%2Ftags&post=15714"}],"curies":[{"name":"wp","href":"https:\/\/api.w.org\/{rel}","templated":true}]}}