{"id":15602,"date":"2023-03-08T17:14:53","date_gmt":"2023-03-08T17:14:53","guid":{"rendered":"http:\/\/www.verdichtet.at\/?p=15602"},"modified":"2026-04-27T16:53:19","modified_gmt":"2026-04-27T16:53:19","slug":"von-zeit-zu-zeit-vermiss-ich-dich","status":"publish","type":"post","link":"http:\/\/www.verdichtet.at\/?p=15602","title":{"rendered":"Von Zeit zu Zeit vermiss ich dich"},"content":{"rendered":"<div class=\"pdfprnt-buttons pdfprnt-buttons-post pdfprnt-top-right\"><a href=\"http:\/\/www.verdichtet.at\/index.php?rest_route=wpv2posts15602&print=pdf\" class=\"pdfprnt-button pdfprnt-button-pdf\" target=\"_blank\"><\/a><a href=\"http:\/\/www.verdichtet.at\/index.php?rest_route=wpv2posts15602&print=print\" class=\"pdfprnt-button pdfprnt-button-print\" target=\"_blank\"><\/a><\/div><blockquote>\n<p style=\"text-align: center;\">Wir sind aus dem gleichen Holz geschnitzt<br \/>\nund aus der Tiefe unserer Augen blitzt<br \/>\nverschmitzt die verwandte Seele. In unsren Adern<br \/>\nflie\u00dft das gleiche Blut, vielleicht hadern<br \/>\nwir mit der gleichen Wut und mit \u00e4hnlichen Sorgen.<br \/>\nUnd in unsrem Innern verborgen<br \/>\nliegt der gleiche Kern, der einst mit der vertrauten W\u00e4rme umh\u00fcllt<br \/>\nund sich bis heute aus dem gleichen Liebesfluss f\u00fcllt.<\/p>\n<p style=\"text-align: center;\">Deshalb will mir so oft<br \/>\nnicht in den Kopf,<br \/>\nwie es sein kann,<br \/>\ndass ich den Mond einfang<br \/>\nund du die Sonne \u2026<br \/>\nUnd mein Herz wird ganz schwer,<br \/>\nweil ich mir so sehr w\u00fcnsch,<br \/>\ndass es anders w\u00e4r.<\/p>\n<p style=\"text-align: center;\">Ich frag mich, wann es geschehen ist,<br \/>\ndass ich nicht mehr sah, wo du grad bist,<br \/>\nschwimm kraul durch mein Gedankenmeer,<br \/>\ndreh mich im Wasser hin und her,<br \/>\ntauch bis zum Grund, schwimm dann rund-<br \/>\nherum im Kreis, denk mir meine Synapsen wund<br \/>\nund kann ihn nicht sehn,<br \/>\nden wahren Grund als kostbaren Fund am Meeresgrund, um zu verstehn.<\/p>\n<p style=\"text-align: center;\">Dann r\u00e4tsele ich, wie es sein kann,<br \/>\ndass ich den Mond einfang<br \/>\nund du die Sonne \u2026<br \/>\nWarum wir wie Feuer und Wasser sind<br \/>\nund ich partout keine Antwort find.<br \/>\nVielleicht ist es einfach zu lang her.<br \/>\nDoch von Zeit zu Zeit<br \/>\nda vermiss ich dich sehr.<\/p>\n<p style=\"text-align: center;\">Heute Nacht hab ich mit dir getanzt,<br \/>\nwir haben gelacht, und ich f\u00fchlte du kannst<br \/>\nmir endlich verzeihn, hast mich so liebevoll angesehn,<br \/>\nich wollte mich immer weiterdrehn,<br \/>\nvom Gl\u00fcck beschwingt, das in mir ums \u00dcberleben ringt,<br \/>\nweil du im Licht zur Wirklichkeit mutierst,<br \/>\nund wenn der Tag ausbricht dein Lachen verlierst,<br \/>\ndann l\u00f6st sich f\u00fcr mich dein Gesicht auf im Sonnenlicht.<\/p>\n<p style=\"text-align: center;\">Doch solang<br \/>\nich ab und an<br \/>\nvon dir tr\u00e4umen kann,<br \/>\nist es nicht mehr so schwer,<br \/>\ndann hol ich dich her<br \/>\nund tanze mit dir.<br \/>\nNiemand kann mir<br \/>\nmeine Tr\u00e4ume nehmen.<\/p>\n<p style=\"text-align: center;\">Ich will sie dicht ins Leben weben,<br \/>\num dem Tag mehr Farbe zu geben.<br \/>\nDenn in meiner Fantasie<br \/>\nsind Mond und Sonne in Harmonie.<\/p>\n<\/blockquote>\n<p style=\"text-align: right;\">Claudia L\u00fcer<br \/>\n<a href=\"https:\/\/www.verdichtet.at\/?p=14596\">Informationen zu Ver\u00f6ffentlichungen und Buchbestellungen<\/a><\/p>\n<p style=\"text-align: right;\">www.verdichtet.at | Kategorie: <a href=\"http:\/\/www.verdichtet.at\/?page_id=416\">es menschelt<\/a> | Inventarnummer: 23081<\/p>\n<p>&nbsp;<\/p>\n","protected":false},"excerpt":{"rendered":"<p>Wir sind aus dem gleichen Holz geschnitzt und aus der Tiefe unserer Augen blitzt verschmitzt die verwandte Seele. In unsren Adern flie\u00dft das gleiche Blut, vielleicht hadern wir mit der gleichen Wut und mit \u00e4hnlichen Sorgen. Und in unsrem Innern verborgen liegt der gleiche Kern, der einst mit der vertrauten W\u00e4rme umh\u00fcllt und sich bis [&hellip;]<\/p>\n","protected":false},"author":4,"featured_media":0,"comment_status":"open","ping_status":"open","sticky":false,"template":"","format":"standard","meta":{"footnotes":""},"categories":[170],"tags":[11],"class_list":["post-15602","post","type-post","status-publish","format-standard","hentry","category-lueer-claudia","tag-es-menschelt"],"_links":{"self":[{"href":"http:\/\/www.verdichtet.at\/index.php?rest_route=\/wp\/v2\/posts\/15602","targetHints":{"allow":["GET"]}}],"collection":[{"href":"http:\/\/www.verdichtet.at\/index.php?rest_route=\/wp\/v2\/posts"}],"about":[{"href":"http:\/\/www.verdichtet.at\/index.php?rest_route=\/wp\/v2\/types\/post"}],"author":[{"embeddable":true,"href":"http:\/\/www.verdichtet.at\/index.php?rest_route=\/wp\/v2\/users\/4"}],"replies":[{"embeddable":true,"href":"http:\/\/www.verdichtet.at\/index.php?rest_route=%2Fwp%2Fv2%2Fcomments&post=15602"}],"version-history":[{"count":6,"href":"http:\/\/www.verdichtet.at\/index.php?rest_route=\/wp\/v2\/posts\/15602\/revisions"}],"predecessor-version":[{"id":22635,"href":"http:\/\/www.verdichtet.at\/index.php?rest_route=\/wp\/v2\/posts\/15602\/revisions\/22635"}],"wp:attachment":[{"href":"http:\/\/www.verdichtet.at\/index.php?rest_route=%2Fwp%2Fv2%2Fmedia&parent=15602"}],"wp:term":[{"taxonomy":"category","embeddable":true,"href":"http:\/\/www.verdichtet.at\/index.php?rest_route=%2Fwp%2Fv2%2Fcategories&post=15602"},{"taxonomy":"post_tag","embeddable":true,"href":"http:\/\/www.verdichtet.at\/index.php?rest_route=%2Fwp%2Fv2%2Ftags&post=15602"}],"curies":[{"name":"wp","href":"https:\/\/api.w.org\/{rel}","templated":true}]}}