{"id":15480,"date":"2023-02-16T15:56:52","date_gmt":"2023-02-16T15:56:52","guid":{"rendered":"http:\/\/www.verdichtet.at\/?p=15480"},"modified":"2026-04-27T16:53:31","modified_gmt":"2026-04-27T16:53:31","slug":"zurueck-auf-start","status":"publish","type":"post","link":"http:\/\/www.verdichtet.at\/?p=15480","title":{"rendered":"Zur\u00fcck auf Start"},"content":{"rendered":"<div class=\"pdfprnt-buttons pdfprnt-buttons-post pdfprnt-top-right\"><a href=\"http:\/\/www.verdichtet.at\/index.php?rest_route=wpv2posts15480&print=pdf\" class=\"pdfprnt-button pdfprnt-button-pdf\" target=\"_blank\"><\/a><a href=\"http:\/\/www.verdichtet.at\/index.php?rest_route=wpv2posts15480&print=print\" class=\"pdfprnt-button pdfprnt-button-print\" target=\"_blank\"><\/a><\/div><blockquote>\n<p style=\"text-align: center;\">Manchmal w\u00fcrd ich gern auf sicheren Wegen gehen<br \/>\nund als sorgloses Blatt zur\u00fcck in meine Kindheit wehen,<br \/>\ndie ihr mit Argusaugen bewacht und mit Bedacht<br \/>\nvon Stolpersteinen befreit habt, sorgsam mit Moos ausgebettet,<br \/>\ndamit ich nicht hart aufschlag, wenn ich fall und mir blo\u00df<br \/>\nein paar Kratzer hol, die in eurem weichen Scho\u00df<br \/>\nsekundenschnell heilen. Weil ihr mich selbstlos rettet,<br \/>\nsch\u00fctzend euer Herz \u00fcber mich st\u00fclpt und alle lauernden Gefahren ankettet.<\/p>\n<p style=\"text-align: center;\">Manchmal w\u00fcrd ich gern auf sicheren Wegen im Regen abends um halb acht<br \/>\nzu euch nach Hause kommen, w\u00fcsste, ihr h\u00e4ttet mir einen warmen Kakao gemacht,<br \/>\nund s\u00e4he schon von Weitem das helle Licht in euren Herzen<br \/>\ndurchs Zimmerfenster schimmern, das mich zu euch lenkt<br \/>\nund mich dann, in kusch\u2019lige Decken geh\u00fcllt, mit all eurer Liebe beschenkt.<br \/>\nUnd alles l\u00e4ge noch unber\u00fchrt vor mir, im Flackerlicht bunt bemalter Kerzen,<br \/>\nwie frisch gefallener Schnee in eurem Garten, in dem ich arglos eine Runde dreh.<\/p>\n<p style=\"text-align: center;\">Doch dieses Mal ginge ich ohne Umwege und immer geradeaus aus dem Garten heraus, w\u00fcrd so gern einfach nochmal neu starten.<\/p>\n<\/blockquote>\n<p style=\"text-align: right;\">Claudia L\u00fcer<br \/>\n<a href=\"https:\/\/www.verdichtet.at\/?p=14596\">Informationen zu Ver\u00f6ffentlichungen und Buchbestellungen<\/a><\/p>\n<p style=\"text-align: right;\">www.verdichtet.at |\u00a0Kategorie: <a href=\"http:\/\/www.verdichtet.at\/?page_id=418\">hardly secret diary<\/a> | Inventarnummer: 23068<\/p>\n","protected":false},"excerpt":{"rendered":"<p>Manchmal w\u00fcrd ich gern auf sicheren Wegen gehen und als sorgloses Blatt zur\u00fcck in meine Kindheit wehen, die ihr mit Argusaugen bewacht und mit Bedacht von Stolpersteinen befreit habt, sorgsam mit Moos ausgebettet, damit ich nicht hart aufschlag, wenn ich fall und mir blo\u00df ein paar Kratzer hol, die in eurem weichen Scho\u00df sekundenschnell heilen. [&hellip;]<\/p>\n","protected":false},"author":4,"featured_media":0,"comment_status":"open","ping_status":"open","sticky":false,"template":"","format":"standard","meta":{"footnotes":""},"categories":[170],"tags":[36],"class_list":["post-15480","post","type-post","status-publish","format-standard","hentry","category-lueer-claudia","tag-hardly-secret-diary"],"_links":{"self":[{"href":"http:\/\/www.verdichtet.at\/index.php?rest_route=\/wp\/v2\/posts\/15480","targetHints":{"allow":["GET"]}}],"collection":[{"href":"http:\/\/www.verdichtet.at\/index.php?rest_route=\/wp\/v2\/posts"}],"about":[{"href":"http:\/\/www.verdichtet.at\/index.php?rest_route=\/wp\/v2\/types\/post"}],"author":[{"embeddable":true,"href":"http:\/\/www.verdichtet.at\/index.php?rest_route=\/wp\/v2\/users\/4"}],"replies":[{"embeddable":true,"href":"http:\/\/www.verdichtet.at\/index.php?rest_route=%2Fwp%2Fv2%2Fcomments&post=15480"}],"version-history":[{"count":7,"href":"http:\/\/www.verdichtet.at\/index.php?rest_route=\/wp\/v2\/posts\/15480\/revisions"}],"predecessor-version":[{"id":22636,"href":"http:\/\/www.verdichtet.at\/index.php?rest_route=\/wp\/v2\/posts\/15480\/revisions\/22636"}],"wp:attachment":[{"href":"http:\/\/www.verdichtet.at\/index.php?rest_route=%2Fwp%2Fv2%2Fmedia&parent=15480"}],"wp:term":[{"taxonomy":"category","embeddable":true,"href":"http:\/\/www.verdichtet.at\/index.php?rest_route=%2Fwp%2Fv2%2Fcategories&post=15480"},{"taxonomy":"post_tag","embeddable":true,"href":"http:\/\/www.verdichtet.at\/index.php?rest_route=%2Fwp%2Fv2%2Ftags&post=15480"}],"curies":[{"name":"wp","href":"https:\/\/api.w.org\/{rel}","templated":true}]}}