{"id":15276,"date":"2023-01-22T17:26:50","date_gmt":"2023-01-22T17:26:50","guid":{"rendered":"http:\/\/www.verdichtet.at\/?p=15276"},"modified":"2026-04-27T16:53:46","modified_gmt":"2026-04-27T16:53:46","slug":"herzensmenschen","status":"publish","type":"post","link":"http:\/\/www.verdichtet.at\/?p=15276","title":{"rendered":"Herzensmenschen"},"content":{"rendered":"<div class=\"pdfprnt-buttons pdfprnt-buttons-post pdfprnt-top-right\"><a href=\"http:\/\/www.verdichtet.at\/index.php?rest_route=wpv2posts15276&print=pdf\" class=\"pdfprnt-button pdfprnt-button-pdf\" target=\"_blank\"><\/a><a href=\"http:\/\/www.verdichtet.at\/index.php?rest_route=wpv2posts15276&print=print\" class=\"pdfprnt-button pdfprnt-button-print\" target=\"_blank\"><\/a><\/div><blockquote>\n<p style=\"text-align: center;\">Falls ich mal wieder nachts um vier<br \/>\naufwach und an den F\u00fc\u00dfen frier,<br \/>\nmich nur noch hin- und herw\u00e4lze,<br \/>\nbesser aufsteh und bei einer Tasse Tee<br \/>\nineinander verkeilte Gedankenkristalle schmelze<br \/>\nund dabei \u00fcber schlecht verheilte Narbenb\u00f6den geh,<br \/>\nmich in die Stille der Nacht h\u00fclle und ihren Worten ehrf\u00fcrchtig lausche,<br \/>\nweil sie sich damit auskennt, einsam zu sein \u2026<\/p>\n<p style=\"text-align: center;\">Und falls ich, nach einem zweiten Schluck Tee, ihrem Sog widersteh,<br \/>\nnicht in ihr Klagelied einstimme, dann kann ich, wenn ich in den Spiegel ihrer Augen seh,<br \/>\ngro\u00dfes Gl\u00fcck f\u00fchlen, springe ins Endorphinbad meiner Sinne,<br \/>\num dunkle Gedanken mit Dopamin zu umsp\u00fclen,<br \/>\nweil ich mich darauf besinn, dass ich in dieser Welt<br \/>\nunter dem gro\u00dfen, funkelnden Sternenzelt ja gar nicht alleine bin.<br \/>\nDenn ich hab Herzensmenschen, die in mir wohnen,<br \/>\nbereit, mich von Zeit zu Zeit mit einem bunten Konfettiregen zu belohnen.<\/p>\n<p style=\"text-align: center;\">Herzensmenschen k\u00f6nnen in schweren Zeiten meinen Schmerz begrenzen.<br \/>\nAuch wenn die Welt da drau\u00dfen sich ver\u00e4ndert, kredenzen<br \/>\nsie mir tellerweise Gl\u00fcckskekse mit aufbauenden Botschaften,<br \/>\nfalls mir die Kraft ausgeht, schalten die Flutlichtanlage an, damit ich sie lesen kann<br \/>\nund nicht aufgeb. Bilden bei meinen Gipfelst\u00fcrmen Seilschaften<br \/>\nund fangen mich auf, wenn ich mich beim Aufstieg versch\u00e4tz.<br \/>\nSind da, um mitanzupacken, wenn ich Berge versetz.<br \/>\nTragen Bunt, wenn ich schwarzseh, und helfen mit, meine Tieffl\u00fcge zu verkraften.<\/p>\n<p style=\"text-align: center;\">Herzensmenschen falten mit mir Traumboote<br \/>\nund halten meine Hand, wenn ich damit durch ein Labyrinth schipp\u2018re,<br \/>\nspielen Wind, der mich \u00fcber hohe Wellen fliegt,<br \/>\nund hauchen mir Zuversicht zu, die meine \u00c4ngste besiegt.<br \/>\nSpitzen meine Farben und malen nach einem krachenden Gewitter<br \/>\nleuchtend bunte Regenb\u00f6gen in den Himmel, bestreuen sie mit Glitter<br \/>\nund wollen mich tragen, wenn mein Herz aufh\u00f6rt zu fragen<br \/>\nund seine Flaggen auf halbmast hisst.<\/p>\n<p style=\"text-align: center;\">Und ich find es ganz wunderbar, dass <strong>du<\/strong> so ein Herzensmensch f\u00fcr mich bist!<\/p>\n<\/blockquote>\n<p style=\"text-align: right;\">Claudia L\u00fcer<br \/>\n<a href=\"https:\/\/www.verdichtet.at\/?p=14596\">Informationen zu Ver\u00f6ffentlichungen und Buchbestellungen<\/a><\/p>\n<p style=\"text-align: right;\">www.verdichtet.at | Kategorie: <a href=\"http:\/\/www.verdichtet.at\/?page_id=416\">es menschelt<\/a> | Inventarnummer: 23037<\/p>\n","protected":false},"excerpt":{"rendered":"<p>Falls ich mal wieder nachts um vier aufwach und an den F\u00fc\u00dfen frier, mich nur noch hin- und herw\u00e4lze, besser aufsteh und bei einer Tasse Tee ineinander verkeilte Gedankenkristalle schmelze und dabei \u00fcber schlecht verheilte Narbenb\u00f6den geh, mich in die Stille der Nacht h\u00fclle und ihren Worten ehrf\u00fcrchtig lausche, weil sie sich damit auskennt, einsam [&hellip;]<\/p>\n","protected":false},"author":4,"featured_media":0,"comment_status":"open","ping_status":"open","sticky":false,"template":"","format":"standard","meta":{"footnotes":""},"categories":[170],"tags":[11],"class_list":["post-15276","post","type-post","status-publish","format-standard","hentry","category-lueer-claudia","tag-es-menschelt"],"_links":{"self":[{"href":"http:\/\/www.verdichtet.at\/index.php?rest_route=\/wp\/v2\/posts\/15276","targetHints":{"allow":["GET"]}}],"collection":[{"href":"http:\/\/www.verdichtet.at\/index.php?rest_route=\/wp\/v2\/posts"}],"about":[{"href":"http:\/\/www.verdichtet.at\/index.php?rest_route=\/wp\/v2\/types\/post"}],"author":[{"embeddable":true,"href":"http:\/\/www.verdichtet.at\/index.php?rest_route=\/wp\/v2\/users\/4"}],"replies":[{"embeddable":true,"href":"http:\/\/www.verdichtet.at\/index.php?rest_route=%2Fwp%2Fv2%2Fcomments&post=15276"}],"version-history":[{"count":9,"href":"http:\/\/www.verdichtet.at\/index.php?rest_route=\/wp\/v2\/posts\/15276\/revisions"}],"predecessor-version":[{"id":22637,"href":"http:\/\/www.verdichtet.at\/index.php?rest_route=\/wp\/v2\/posts\/15276\/revisions\/22637"}],"wp:attachment":[{"href":"http:\/\/www.verdichtet.at\/index.php?rest_route=%2Fwp%2Fv2%2Fmedia&parent=15276"}],"wp:term":[{"taxonomy":"category","embeddable":true,"href":"http:\/\/www.verdichtet.at\/index.php?rest_route=%2Fwp%2Fv2%2Fcategories&post=15276"},{"taxonomy":"post_tag","embeddable":true,"href":"http:\/\/www.verdichtet.at\/index.php?rest_route=%2Fwp%2Fv2%2Ftags&post=15276"}],"curies":[{"name":"wp","href":"https:\/\/api.w.org\/{rel}","templated":true}]}}