{"id":15060,"date":"2022-12-11T13:42:01","date_gmt":"2022-12-11T13:42:01","guid":{"rendered":"http:\/\/www.verdichtet.at\/?p=15060"},"modified":"2026-04-27T16:53:58","modified_gmt":"2026-04-27T16:53:58","slug":"verlorene-seelen-oder-der-mann-im-mond","status":"publish","type":"post","link":"http:\/\/www.verdichtet.at\/?p=15060","title":{"rendered":"Verlorene Seelen oder Der Mann im Mond"},"content":{"rendered":"<div class=\"pdfprnt-buttons pdfprnt-buttons-post pdfprnt-top-right\"><a href=\"http:\/\/www.verdichtet.at\/index.php?rest_route=wpv2posts15060&print=pdf\" class=\"pdfprnt-button pdfprnt-button-pdf\" target=\"_blank\"><\/a><a href=\"http:\/\/www.verdichtet.at\/index.php?rest_route=wpv2posts15060&print=print\" class=\"pdfprnt-button pdfprnt-button-print\" target=\"_blank\"><\/a><\/div><blockquote>\n<p style=\"text-align: center;\">Im lautlosen Dunkel der tiefschwarzen Nacht<br \/>\nist er es, der \u00fcber uns Menschen wacht.<br \/>\nVon silbernem Sand glitzert sein R\u00fccken,<br \/>\nder sich sacht unter pr\u00fcfenden Himmelszeltblicken<br \/>\naus der hellgelben Sichel l\u00f6st, der blanken,<br \/>\num die sich Sterne als Lichtblitze ranken,<br \/>\nwie ein hohler Kern aus der sch\u00fctzenden Schale,<br \/>\nin die er sich schmiegte. Bei fahlem Licht sich wohlig wiegte.<\/p>\n<p style=\"text-align: center;\">Mit zwei gl\u00fchenden Perlen die Welt be\u00e4ugend,<br \/>\nden funkelnden R\u00fccken vor Hingabe beugend,<br \/>\nsodass seinem Blick kein Kummer entkommt,<br \/>\nund hat er sich noch so krumm gemacht.<br \/>\nUnd w\u00e4hrend er schon mit viel Geschick<br \/>\ndie schmale Sichel mit Perlen bestickt, in Silbergrau,<br \/>\nda rollt die Strahlenfrau ihr Abendrot ein<br \/>\nund lacht, weil die Arbeit vollbracht.<\/p>\n<p style=\"text-align: center;\">Nun ist es perfekt, das Glitzermeer,<br \/>\nzufrieden und stolz blickt er umher.<br \/>\nSchnell fegt er noch den schimmernden Hof,<br \/>\nbevor er sich auf das Silberlicht schwingt,<br \/>\nzur Erde hinabschie\u00dft, das Mondlicht bringt<br \/>\nf\u00fcr alle, die ihn schon wimmernd erwarten,<br \/>\ndie rastlos irren, in leeren, vernarbten<br \/>\nH\u00fcllen jagen, nach dem einen K\u00f6rper, in den sie passen,<br \/>\nwie die Hand in den Handschuh. Und erst dann gibt die liebe Seele Ruh.<\/p>\n<\/blockquote>\n<p style=\"text-align: right;\">Claudia L\u00fcer<br \/>\n<a href=\"https:\/\/www.verdichtet.at\/?p=14596\">Informationen zu Ver\u00f6ffentlichungen und Buchbestellungen<\/a><\/p>\n<p style=\"text-align: right;\">www.verdichtet.at |\u00a0Kategorie: <a href=\"http:\/\/www.verdichtet.at\/?page_id=3714\">fantastiques<\/a> | Inventarnummer: 22145<\/p>\n","protected":false},"excerpt":{"rendered":"<p>Im lautlosen Dunkel der tiefschwarzen Nacht ist er es, der \u00fcber uns Menschen wacht. Von silbernem Sand glitzert sein R\u00fccken, der sich sacht unter pr\u00fcfenden Himmelszeltblicken aus der hellgelben Sichel l\u00f6st, der blanken, um die sich Sterne als Lichtblitze ranken, wie ein hohler Kern aus der sch\u00fctzenden Schale, in die er sich schmiegte. Bei fahlem [&hellip;]<\/p>\n","protected":false},"author":4,"featured_media":0,"comment_status":"open","ping_status":"open","sticky":false,"template":"","format":"standard","meta":{"footnotes":""},"categories":[170],"tags":[108],"class_list":["post-15060","post","type-post","status-publish","format-standard","hentry","category-lueer-claudia","tag-fantastiques"],"_links":{"self":[{"href":"http:\/\/www.verdichtet.at\/index.php?rest_route=\/wp\/v2\/posts\/15060","targetHints":{"allow":["GET"]}}],"collection":[{"href":"http:\/\/www.verdichtet.at\/index.php?rest_route=\/wp\/v2\/posts"}],"about":[{"href":"http:\/\/www.verdichtet.at\/index.php?rest_route=\/wp\/v2\/types\/post"}],"author":[{"embeddable":true,"href":"http:\/\/www.verdichtet.at\/index.php?rest_route=\/wp\/v2\/users\/4"}],"replies":[{"embeddable":true,"href":"http:\/\/www.verdichtet.at\/index.php?rest_route=%2Fwp%2Fv2%2Fcomments&post=15060"}],"version-history":[{"count":11,"href":"http:\/\/www.verdichtet.at\/index.php?rest_route=\/wp\/v2\/posts\/15060\/revisions"}],"predecessor-version":[{"id":22638,"href":"http:\/\/www.verdichtet.at\/index.php?rest_route=\/wp\/v2\/posts\/15060\/revisions\/22638"}],"wp:attachment":[{"href":"http:\/\/www.verdichtet.at\/index.php?rest_route=%2Fwp%2Fv2%2Fmedia&parent=15060"}],"wp:term":[{"taxonomy":"category","embeddable":true,"href":"http:\/\/www.verdichtet.at\/index.php?rest_route=%2Fwp%2Fv2%2Fcategories&post=15060"},{"taxonomy":"post_tag","embeddable":true,"href":"http:\/\/www.verdichtet.at\/index.php?rest_route=%2Fwp%2Fv2%2Ftags&post=15060"}],"curies":[{"name":"wp","href":"https:\/\/api.w.org\/{rel}","templated":true}]}}